{"id":6025,"date":"2013-06-12T08:00:25","date_gmt":"2013-06-12T10:00:25","guid":{"rendered":"http:\/\/blog.cancaonova.com\/paisecatequistas\/?p=6025"},"modified":"2016-03-08T10:14:50","modified_gmt":"2016-03-08T12:14:50","slug":"deus-me-perdoa","status":"publish","type":"post","link":"https:\/\/blog.cancaonova.com\/paisecatequistas\/deus-me-perdoa\/","title":{"rendered":"Deus me perdoa"},"content":{"rendered":"<p>Evangelho &#8211; Lc 7, 36-8,3<\/p>\n<p style=\"text-align: justify\">Certo dia Jesus foi at\u00e9 a cidade de Bet\u00e2nia, e chegando l\u00e1 foi convidado para comer na casa de um fariseu por nome Sim\u00e3o,e chegando na casa de Sim\u00e3o assentou-se \u00e1 mesa.<br \/>\nUma certa mulher pecadora viu Jesus entrando na casa de Sim\u00e3o, e levou um vaso de alabastro com unguento(que era um perfume car\u00edssimo).<br \/>\nE entrando na casa foi bem devagarinho at\u00e9 aonde Jesus estava e come\u00e7ou a derramar perfume em seus p\u00e9s e chorando sobre os p\u00e9s de Jesus, ela beijava os seus p\u00e9s, ungia e os enxugava com os seus longos cabelos.<br \/>\nO dono da casa n\u00e3o gostou de v\u00ear o que aquela mulher fazia; Mas Jesus gostou de ver aquela mulher arrependida dos seus pecados, Porque o homem v\u00ea por fora mas Jesus v\u00ea o nosso cora\u00e7\u00e3o.<br \/>\nE naquela hora Jesus viu o arrependimento daquela mulher e disse a ela: A tua f\u00e9 salvou voc\u00ea; vai-te em paz, os seus pecados est\u00e3o perdoados.<br \/>\nE aquela mulher saiu dali daquela casa muito feliz, porque jesus havia perdoado os seus pecados .<\/p>\n<p style=\"text-align: justify\">\n<h2>Vamos colorir<\/h2>\n<p><a href=\"http:\/\/blog.cancaonova.com\/paisecatequistas\/files\/2013\/06\/1\u00a0Cr\u00f4nicas\u00a01629a-Final.jpg\"><img loading=\"lazy\" decoding=\"async\" class=\"aligncenter size-full wp-image-6065\" src=\"http:\/\/blog.cancaonova.com\/paisecatequistas\/files\/2013\/06\/1\u00a0Cr\u00f4nicas\u00a01629a-Final.jpg\" alt=\"\" width=\"600\" height=\"800\" srcset=\"https:\/\/blog.cancaonova.com\/paisecatequistas\/files\/2013\/06\/1\u00a0Cr\u00f4nicas\u00a01629a-Final.jpg 600w, https:\/\/blog.cancaonova.com\/paisecatequistas\/files\/2013\/06\/1\u00a0Cr\u00f4nicas\u00a01629a-Final-225x300.jpg 225w\" sizes=\"(max-width: 600px) 100vw, 600px\" \/><\/a><\/p>\n","protected":false},"excerpt":{"rendered":"<p>Evangelho &#8211; Lc 7, 36-8,3 Certo dia Jesus foi at\u00e9 a cidade de Bet\u00e2nia, e chegando l\u00e1 foi convidado para comer na casa de um fariseu por nome Sim\u00e3o,e chegando na casa de Sim\u00e3o assentou-se \u00e1 mesa. Uma certa mulher&#8230;<\/p>\n","protected":false},"author":4340,"featured_media":0,"comment_status":"open","ping_status":"open","sticky":false,"template":"","format":"standard","meta":{"_mi_skip_tracking":false,"_monsterinsights_sitenote_active":false,"_monsterinsights_sitenote_note":"","_monsterinsights_sitenote_category":0,"footnotes":""},"categories":[17601],"tags":[],"_links":{"self":[{"href":"https:\/\/blog.cancaonova.com\/paisecatequistas\/wp-json\/wp\/v2\/posts\/6025"}],"collection":[{"href":"https:\/\/blog.cancaonova.com\/paisecatequistas\/wp-json\/wp\/v2\/posts"}],"about":[{"href":"https:\/\/blog.cancaonova.com\/paisecatequistas\/wp-json\/wp\/v2\/types\/post"}],"author":[{"embeddable":true,"href":"https:\/\/blog.cancaonova.com\/paisecatequistas\/wp-json\/wp\/v2\/users\/4340"}],"replies":[{"embeddable":true,"href":"https:\/\/blog.cancaonova.com\/paisecatequistas\/wp-json\/wp\/v2\/comments?post=6025"}],"version-history":[{"count":6,"href":"https:\/\/blog.cancaonova.com\/paisecatequistas\/wp-json\/wp\/v2\/posts\/6025\/revisions"}],"predecessor-version":[{"id":7536,"href":"https:\/\/blog.cancaonova.com\/paisecatequistas\/wp-json\/wp\/v2\/posts\/6025\/revisions\/7536"}],"wp:attachment":[{"href":"https:\/\/blog.cancaonova.com\/paisecatequistas\/wp-json\/wp\/v2\/media?parent=6025"}],"wp:term":[{"taxonomy":"category","embeddable":true,"href":"https:\/\/blog.cancaonova.com\/paisecatequistas\/wp-json\/wp\/v2\/categories?post=6025"},{"taxonomy":"post_tag","embeddable":true,"href":"https:\/\/blog.cancaonova.com\/paisecatequistas\/wp-json\/wp\/v2\/tags?post=6025"}],"curies":[{"name":"wp","href":"https:\/\/api.w.org\/{rel}","templated":true}]}}