{"id":6038,"date":"2013-06-04T08:00:02","date_gmt":"2013-06-04T10:00:02","guid":{"rendered":"http:\/\/blog.cancaonova.com\/paisecatequistas\/?p=6038"},"modified":"2013-04-17T11:42:44","modified_gmt":"2013-04-17T13:42:44","slug":"a-infancia-de-jesus","status":"publish","type":"post","link":"https:\/\/blog.cancaonova.com\/paisecatequistas\/a-infancia-de-jesus\/","title":{"rendered":"A Inf\u00e2ncia de Jesus"},"content":{"rendered":"<h2>Livro Bento XVI &#8211; A Inf\u00e2ncia de Jesus<\/h2>\n<p>Este \u00e9 o terceiro livro da trilogia de Joseph Ratzinger &#8211; Bento XVI, interpreta em di\u00e1logo aquilo que Mateus e Lucas narram sobre a inf\u00e2ncia de Jesus, no in\u00edcio de seus evangelhos.<\/p>\n<p>Espera que este pequeno livro, apesar de seus limites, possam ajudar muitas pessoas no caminho para Jesus e com Jesus<\/p>\n<p>Para adquirir: <a href=\"http:\/\/loja.cancaonova.com\/products\/20071-livro-bento-xvi-a-infancia-de-jesus\">http:\/\/loja.cancaonova.com\/products\/20071-livro-bento-xvi-a-infancia-de-jesus<\/a><\/p>\n<p><a href=\"http:\/\/blog.cancaonova.com\/paisecatequistas\/files\/2013\/04\/01_01820.jpg\"><img loading=\"lazy\" decoding=\"async\" class=\"aligncenter size-full wp-image-6039\" src=\"http:\/\/blog.cancaonova.com\/paisecatequistas\/files\/2013\/04\/01_01820.jpg\" alt=\"\" width=\"1200\" height=\"1200\" srcset=\"https:\/\/blog.cancaonova.com\/paisecatequistas\/files\/2013\/04\/01_01820.jpg 1200w, https:\/\/blog.cancaonova.com\/paisecatequistas\/files\/2013\/04\/01_01820-150x150.jpg 150w, https:\/\/blog.cancaonova.com\/paisecatequistas\/files\/2013\/04\/01_01820-300x300.jpg 300w, https:\/\/blog.cancaonova.com\/paisecatequistas\/files\/2013\/04\/01_01820-1024x1024.jpg 1024w\" sizes=\"(max-width: 1200px) 100vw, 1200px\" \/><\/a><\/p>\n","protected":false},"excerpt":{"rendered":"<p>Livro Bento XVI &#8211; A Inf\u00e2ncia de Jesus Este \u00e9 o terceiro livro da trilogia de Joseph Ratzinger &#8211; Bento XVI, interpreta em di\u00e1logo aquilo que Mateus e Lucas narram sobre a inf\u00e2ncia de Jesus, no in\u00edcio de seus evangelhos&#8230;.<\/p>\n","protected":false},"author":4340,"featured_media":0,"comment_status":"open","ping_status":"open","sticky":false,"template":"","format":"standard","meta":{"_mi_skip_tracking":false,"_monsterinsights_sitenote_active":false,"_monsterinsights_sitenote_note":"","_monsterinsights_sitenote_category":0,"footnotes":""},"categories":[27817],"tags":[],"_links":{"self":[{"href":"https:\/\/blog.cancaonova.com\/paisecatequistas\/wp-json\/wp\/v2\/posts\/6038"}],"collection":[{"href":"https:\/\/blog.cancaonova.com\/paisecatequistas\/wp-json\/wp\/v2\/posts"}],"about":[{"href":"https:\/\/blog.cancaonova.com\/paisecatequistas\/wp-json\/wp\/v2\/types\/post"}],"author":[{"embeddable":true,"href":"https:\/\/blog.cancaonova.com\/paisecatequistas\/wp-json\/wp\/v2\/users\/4340"}],"replies":[{"embeddable":true,"href":"https:\/\/blog.cancaonova.com\/paisecatequistas\/wp-json\/wp\/v2\/comments?post=6038"}],"version-history":[{"count":3,"href":"https:\/\/blog.cancaonova.com\/paisecatequistas\/wp-json\/wp\/v2\/posts\/6038\/revisions"}],"predecessor-version":[{"id":6042,"href":"https:\/\/blog.cancaonova.com\/paisecatequistas\/wp-json\/wp\/v2\/posts\/6038\/revisions\/6042"}],"wp:attachment":[{"href":"https:\/\/blog.cancaonova.com\/paisecatequistas\/wp-json\/wp\/v2\/media?parent=6038"}],"wp:term":[{"taxonomy":"category","embeddable":true,"href":"https:\/\/blog.cancaonova.com\/paisecatequistas\/wp-json\/wp\/v2\/categories?post=6038"},{"taxonomy":"post_tag","embeddable":true,"href":"https:\/\/blog.cancaonova.com\/paisecatequistas\/wp-json\/wp\/v2\/tags?post=6038"}],"curies":[{"name":"wp","href":"https:\/\/api.w.org\/{rel}","templated":true}]}}