{"id":6091,"date":"2015-06-23T08:00:37","date_gmt":"2015-06-23T10:00:37","guid":{"rendered":"http:\/\/blog.cancaonova.com\/paisecatequistas\/?p=6091"},"modified":"2015-05-22T15:25:05","modified_gmt":"2015-05-22T17:25:05","slug":"as-chaves-do-reino-2","status":"publish","type":"post","link":"https:\/\/blog.cancaonova.com\/paisecatequistas\/as-chaves-do-reino-2\/","title":{"rendered":"As chaves do Reino"},"content":{"rendered":"<p><a href=\"http:\/\/blog.cancaonova.com\/paisecatequistas\/files\/2013\/05\/Jesus-e-Pedro-Final.jpg\"><img loading=\"lazy\" decoding=\"async\" class=\"aligncenter size-full wp-image-6093\" src=\"http:\/\/blog.cancaonova.com\/paisecatequistas\/files\/2013\/05\/Jesus-e-Pedro-Final.jpg\" alt=\"\" width=\"600\" height=\"800\" srcset=\"https:\/\/blog.cancaonova.com\/paisecatequistas\/files\/2013\/05\/Jesus-e-Pedro-Final.jpg 600w, https:\/\/blog.cancaonova.com\/paisecatequistas\/files\/2013\/05\/Jesus-e-Pedro-Final-225x300.jpg 225w\" sizes=\"(max-width: 600px) 100vw, 600px\" \/><\/a>Evangelho &#8211; Mt 16, 13-20<\/p>\n<p><a href=\"http:\/\/blog.cancaonova.com\/paisecatequistas\/files\/2013\/06\/evangelho_03-07_pedro-primeiro-papa.jpg\"><img loading=\"lazy\" decoding=\"async\" class=\"aligncenter size-full wp-image-6103\" src=\"http:\/\/blog.cancaonova.com\/paisecatequistas\/files\/2013\/06\/evangelho_03-07_pedro-primeiro-papa.jpg\" alt=\"\" width=\"378\" height=\"464\" srcset=\"https:\/\/blog.cancaonova.com\/paisecatequistas\/files\/2013\/06\/evangelho_03-07_pedro-primeiro-papa.jpg 378w, https:\/\/blog.cancaonova.com\/paisecatequistas\/files\/2013\/06\/evangelho_03-07_pedro-primeiro-papa-244x300.jpg 244w\" sizes=\"(max-width: 378px) 100vw, 378px\" \/><\/a><\/p>\n<p><a href=\"http:\/\/blog.cancaonova.com\/paisecatequistas\/files\/2013\/06\/evangelho_03-07_pedro-primeiro-papa_colorir-228x300.jpg\"><img loading=\"lazy\" decoding=\"async\" class=\"aligncenter size-full wp-image-6104\" src=\"http:\/\/blog.cancaonova.com\/paisecatequistas\/files\/2013\/06\/evangelho_03-07_pedro-primeiro-papa_colorir-228x300.jpg\" alt=\"\" width=\"228\" height=\"300\" \/><\/a><\/p>\n<p>E v\u00f3s quem dizeis que eu sou?<\/p>\n<p>Pedro respondeu: Tu \u00e9s o Messias, o Cristo, o Filho de Deus vivo.<\/p>\n<p>Que linda proclama\u00e7\u00e3o de f\u00e9 de Pedro, n\u00e3o \u00e9 mesmo? Hoje somos convidados por Deus a proclamar assim como Pedro a nossa f\u00e9.<\/p>\n<p>Neste ano da F\u00e9 somos chamados a testemunhar com a nossa vida a f\u00e9. Eu creio em Deus.<\/p>\n<p>Como discipulos de Jesus queremos:<\/p>\n<p>* Falar de Jesus em nossa familia.<\/p>\n<p>* Ajudar quem precisa<\/p>\n<p>* Fazer o bem sempre<\/p>\n<p>* Colocar em pr\u00e1ticas os mandamentos.<\/p>\n<p>Vamos viver juntos esses propositos?<\/p>\n<p>Deus aben\u00e7oe voc\u00ea.<\/p>\n","protected":false},"excerpt":{"rendered":"<p>Evangelho &#8211; Mt 16, 13-20 E v\u00f3s quem dizeis que eu sou? Pedro respondeu: Tu \u00e9s o Messias, o Cristo, o Filho de Deus vivo. Que linda proclama\u00e7\u00e3o de f\u00e9 de Pedro, n\u00e3o \u00e9 mesmo? Hoje somos convidados por Deus&#8230;<\/p>\n","protected":false},"author":4340,"featured_media":0,"comment_status":"open","ping_status":"open","sticky":false,"template":"","format":"standard","meta":{"_mi_skip_tracking":false,"_monsterinsights_sitenote_active":false,"_monsterinsights_sitenote_note":"","_monsterinsights_sitenote_category":0,"footnotes":""},"categories":[17601],"tags":[],"_links":{"self":[{"href":"https:\/\/blog.cancaonova.com\/paisecatequistas\/wp-json\/wp\/v2\/posts\/6091"}],"collection":[{"href":"https:\/\/blog.cancaonova.com\/paisecatequistas\/wp-json\/wp\/v2\/posts"}],"about":[{"href":"https:\/\/blog.cancaonova.com\/paisecatequistas\/wp-json\/wp\/v2\/types\/post"}],"author":[{"embeddable":true,"href":"https:\/\/blog.cancaonova.com\/paisecatequistas\/wp-json\/wp\/v2\/users\/4340"}],"replies":[{"embeddable":true,"href":"https:\/\/blog.cancaonova.com\/paisecatequistas\/wp-json\/wp\/v2\/comments?post=6091"}],"version-history":[{"count":5,"href":"https:\/\/blog.cancaonova.com\/paisecatequistas\/wp-json\/wp\/v2\/posts\/6091\/revisions"}],"predecessor-version":[{"id":6780,"href":"https:\/\/blog.cancaonova.com\/paisecatequistas\/wp-json\/wp\/v2\/posts\/6091\/revisions\/6780"}],"wp:attachment":[{"href":"https:\/\/blog.cancaonova.com\/paisecatequistas\/wp-json\/wp\/v2\/media?parent=6091"}],"wp:term":[{"taxonomy":"category","embeddable":true,"href":"https:\/\/blog.cancaonova.com\/paisecatequistas\/wp-json\/wp\/v2\/categories?post=6091"},{"taxonomy":"post_tag","embeddable":true,"href":"https:\/\/blog.cancaonova.com\/paisecatequistas\/wp-json\/wp\/v2\/tags?post=6091"}],"curies":[{"name":"wp","href":"https:\/\/api.w.org\/{rel}","templated":true}]}}