{"id":6136,"date":"2024-07-29T00:00:36","date_gmt":"2024-07-29T02:00:36","guid":{"rendered":"http:\/\/blog.cancaonova.com\/paisecatequistas\/?p=6136"},"modified":"2025-07-23T11:00:15","modified_gmt":"2025-07-23T13:00:15","slug":"marta-e-maria","status":"publish","type":"post","link":"https:\/\/blog.cancaonova.com\/paisecatequistas\/marta-e-maria\/","title":{"rendered":"Santos Marta, Maria e L\u00e1zaro, os amigos de Jesus"},"content":{"rendered":"<p>Evangelho de Lucas 10,38-42<\/p>\n<p>Estando Jesus em viagem, entrou numa aldeia onde uma mu\u00adlher chamada Marta O recebeu em sua casa.<\/p>\n<p>Tinha ela uma irm\u00e3 por nome Maria, que se assentou aos p\u00e9s do Senhor para ouvi-Lo falar.<\/p>\n<p>Marta, toda preocupada na lida da casa, veio a Jesus e disse: \u201cSenhor, n\u00e3o te importas que minha irm\u00e3 me deixe s\u00f3 a servir? Dize-lhe que me ajude\u201d.<\/p>\n<p>Respondeu-lhe o Senhor: \u201cMarta, Marta, andas muito inquieta e te preocupas com muitas coisas, no entanto, uma s\u00f3 coisa \u00e9 necess\u00e1ria. Maria escolheu a boa parte, que lhe n\u00e3o ser\u00e1 tirada\u201d.<\/p>\n<p>Janj\u00e3o conta de maneira alegre e divertida, essa linda passagem da B\u00edblia. Onde descobrimos que\u00a0 maior riqueza \u00e9 ter nossos olho fixos em Jesus, assim como fez Maria.<\/p>\n<p><iframe loading=\"lazy\" title=\"B\u00c3\u00adblia para Crian\u00c3\u00a7as - Marta e Maria\" width=\"600\" height=\"450\" src=\"https:\/\/www.youtube.com\/embed\/jxV54_OlViE?list=PLNlRgLhNKHif8uk9r4mx6zREMXXUf20LW&amp;rel=0\" frameborder=\"0\" allow=\"accelerometer; autoplay; clipboard-write; encrypted-media; gyroscope; picture-in-picture; web-share\" referrerpolicy=\"strict-origin-when-cross-origin\" allowfullscreen><\/iframe><\/p>\n<p><a href=\"http:\/\/blog.cancaonova.com\/paisecatequistas\/files\/2016\/07\/marta.jpg\"><img loading=\"lazy\" decoding=\"async\" class=\"size-full wp-image-17659 alignnone\" src=\"http:\/\/blog.cancaonova.com\/paisecatequistas\/files\/2016\/07\/marta.jpg\" alt=\"\" width=\"1920\" height=\"1080\" srcset=\"https:\/\/blog.cancaonova.com\/paisecatequistas\/files\/2016\/07\/marta.jpg 1920w, https:\/\/blog.cancaonova.com\/paisecatequistas\/files\/2016\/07\/marta-300x169.jpg 300w, https:\/\/blog.cancaonova.com\/paisecatequistas\/files\/2016\/07\/marta-768x432.jpg 768w, https:\/\/blog.cancaonova.com\/paisecatequistas\/files\/2016\/07\/marta-384x216.jpg 384w, https:\/\/blog.cancaonova.com\/paisecatequistas\/files\/2016\/07\/marta-512x288.jpg 512w, https:\/\/blog.cancaonova.com\/paisecatequistas\/files\/2016\/07\/marta-1024x576.jpg 1024w, https:\/\/blog.cancaonova.com\/paisecatequistas\/files\/2016\/07\/marta-1536x864.jpg 1536w\" sizes=\"(max-width: 1920px) 100vw, 1920px\" \/><\/a><\/p>\n<p>&nbsp;<\/p>\n","protected":false},"excerpt":{"rendered":"<p>Estando Jesus em viagem, entrou numa aldeia onde uma mu\u00adlher chamada Marta O recebeu em sua casa.<\/p>\n<p>Tinha ela uma irm\u00e3 por nome Maria, que se assentou aos p\u00e9s do Senhor para ouvi-Lo falar. <a href=\"https:\/\/blog.cancaonova.com\/paisecatequistas\/marta-e-maria\/\">Continue lendo <span class=\"meta-nav\">&rarr;<\/span><\/a><\/p>\n","protected":false},"author":4340,"featured_media":17660,"comment_status":"closed","ping_status":"closed","sticky":false,"template":"","format":"standard","meta":{"_mi_skip_tracking":false,"_monsterinsights_sitenote_active":false,"_monsterinsights_sitenote_note":"","_monsterinsights_sitenote_category":0,"footnotes":""},"categories":[200710],"tags":[211,16619,16595,221,20654,231,20656,24722],"_links":{"self":[{"href":"https:\/\/blog.cancaonova.com\/paisecatequistas\/wp-json\/wp\/v2\/posts\/6136"}],"collection":[{"href":"https:\/\/blog.cancaonova.com\/paisecatequistas\/wp-json\/wp\/v2\/posts"}],"about":[{"href":"https:\/\/blog.cancaonova.com\/paisecatequistas\/wp-json\/wp\/v2\/types\/post"}],"author":[{"embeddable":true,"href":"https:\/\/blog.cancaonova.com\/paisecatequistas\/wp-json\/wp\/v2\/users\/4340"}],"replies":[{"embeddable":true,"href":"https:\/\/blog.cancaonova.com\/paisecatequistas\/wp-json\/wp\/v2\/comments?post=6136"}],"version-history":[{"count":9,"href":"https:\/\/blog.cancaonova.com\/paisecatequistas\/wp-json\/wp\/v2\/posts\/6136\/revisions"}],"predecessor-version":[{"id":19239,"href":"https:\/\/blog.cancaonova.com\/paisecatequistas\/wp-json\/wp\/v2\/posts\/6136\/revisions\/19239"}],"wp:featuredmedia":[{"embeddable":true,"href":"https:\/\/blog.cancaonova.com\/paisecatequistas\/wp-json\/wp\/v2\/media\/17660"}],"wp:attachment":[{"href":"https:\/\/blog.cancaonova.com\/paisecatequistas\/wp-json\/wp\/v2\/media?parent=6136"}],"wp:term":[{"taxonomy":"category","embeddable":true,"href":"https:\/\/blog.cancaonova.com\/paisecatequistas\/wp-json\/wp\/v2\/categories?post=6136"},{"taxonomy":"post_tag","embeddable":true,"href":"https:\/\/blog.cancaonova.com\/paisecatequistas\/wp-json\/wp\/v2\/tags?post=6136"}],"curies":[{"name":"wp","href":"https:\/\/api.w.org\/{rel}","templated":true}]}}