{"id":6141,"date":"2013-07-24T08:00:50","date_gmt":"2013-07-24T10:00:50","guid":{"rendered":"http:\/\/blog.cancaonova.com\/paisecatequistas\/?p=6141"},"modified":"2013-06-19T10:18:58","modified_gmt":"2013-06-19T12:18:58","slug":"jesus-nos-ensina-a-rezar","status":"publish","type":"post","link":"https:\/\/blog.cancaonova.com\/paisecatequistas\/jesus-nos-ensina-a-rezar\/","title":{"rendered":"Pai Nosso, a ora\u00e7\u00e3o do Senhor"},"content":{"rendered":"<p>Evangelho &#8211; Lc 11,1-13<\/p>\n<p>Janj\u00e3o ensina as crian\u00e7as o valor da ora\u00e7\u00e3o do Pai Nosso.\u00a0 Vamos fazer juntos o estudo da Palavra de Deus?<\/p>\n<p>A Ora\u00e7\u00e3o mos aproxima de Deus. E pela ora\u00e7\u00e3o Deus fala ao nosso cora\u00e7\u00e3o!<\/p>\n<p><object classid=\"d27cdb6e-ae6d-11cf-96b8-444553540000\" width=\"420\" height=\"315\"><param name=\"allowFullScreen\" value=\"true\" \/><param name=\"allowscriptaccess\" value=\"always\" \/><param name=\"src\" value=\"http:\/\/www.youtube-nocookie.com\/v\/tXO8DCQgxLQ?version=3&amp;hl=pt_BR\" \/><param name=\"allowfullscreen\" value=\"true\" \/><embed type=\"application\/x-shockwave-flash\" width=\"420\" height=\"315\" src=\"http:\/\/www.youtube-nocookie.com\/v\/tXO8DCQgxLQ?version=3&amp;hl=pt_BR\" allowfullscreen=\"true\" allowscriptaccess=\"always\"><\/embed><\/object><\/p>\n<p><a href=\"http:\/\/blog.cancaonova.com\/paisecatequistas\/files\/2013\/07\/des-4-feito.jpg\"><img loading=\"lazy\" decoding=\"async\" class=\"aligncenter size-full wp-image-6153\" src=\"http:\/\/blog.cancaonova.com\/paisecatequistas\/files\/2013\/07\/des-4-feito.jpg\" alt=\"\" width=\"600\" height=\"800\" srcset=\"https:\/\/blog.cancaonova.com\/paisecatequistas\/files\/2013\/07\/des-4-feito.jpg 600w, https:\/\/blog.cancaonova.com\/paisecatequistas\/files\/2013\/07\/des-4-feito-225x300.jpg 225w\" sizes=\"(max-width: 600px) 100vw, 600px\" \/><\/a><\/p>\n","protected":false},"excerpt":{"rendered":"<p>Evangelho &#8211; Lc 11,1-13 Janj\u00e3o ensina as crian\u00e7as o valor da ora\u00e7\u00e3o do Pai Nosso.\u00a0 Vamos fazer juntos o estudo da Palavra de Deus? A Ora\u00e7\u00e3o mos aproxima de Deus. E pela ora\u00e7\u00e3o Deus fala ao nosso cora\u00e7\u00e3o!<\/p>\n","protected":false},"author":4340,"featured_media":0,"comment_status":"open","ping_status":"open","sticky":false,"template":"","format":"standard","meta":{"_mi_skip_tracking":false,"_monsterinsights_sitenote_active":false,"_monsterinsights_sitenote_note":"","_monsterinsights_sitenote_category":0,"footnotes":""},"categories":[17601],"tags":[],"_links":{"self":[{"href":"https:\/\/blog.cancaonova.com\/paisecatequistas\/wp-json\/wp\/v2\/posts\/6141"}],"collection":[{"href":"https:\/\/blog.cancaonova.com\/paisecatequistas\/wp-json\/wp\/v2\/posts"}],"about":[{"href":"https:\/\/blog.cancaonova.com\/paisecatequistas\/wp-json\/wp\/v2\/types\/post"}],"author":[{"embeddable":true,"href":"https:\/\/blog.cancaonova.com\/paisecatequistas\/wp-json\/wp\/v2\/users\/4340"}],"replies":[{"embeddable":true,"href":"https:\/\/blog.cancaonova.com\/paisecatequistas\/wp-json\/wp\/v2\/comments?post=6141"}],"version-history":[{"count":5,"href":"https:\/\/blog.cancaonova.com\/paisecatequistas\/wp-json\/wp\/v2\/posts\/6141\/revisions"}],"predecessor-version":[{"id":6152,"href":"https:\/\/blog.cancaonova.com\/paisecatequistas\/wp-json\/wp\/v2\/posts\/6141\/revisions\/6152"}],"wp:attachment":[{"href":"https:\/\/blog.cancaonova.com\/paisecatequistas\/wp-json\/wp\/v2\/media?parent=6141"}],"wp:term":[{"taxonomy":"category","embeddable":true,"href":"https:\/\/blog.cancaonova.com\/paisecatequistas\/wp-json\/wp\/v2\/categories?post=6141"},{"taxonomy":"post_tag","embeddable":true,"href":"https:\/\/blog.cancaonova.com\/paisecatequistas\/wp-json\/wp\/v2\/tags?post=6141"}],"curies":[{"name":"wp","href":"https:\/\/api.w.org\/{rel}","templated":true}]}}