{"id":6201,"date":"2013-07-31T08:00:17","date_gmt":"2013-07-31T10:00:17","guid":{"rendered":"http:\/\/blog.cancaonova.com\/paisecatequistas\/?p=6201"},"modified":"2013-07-04T16:26:02","modified_gmt":"2013-07-04T18:26:02","slug":"o-rico-sem-juizo","status":"publish","type":"post","link":"https:\/\/blog.cancaonova.com\/paisecatequistas\/o-rico-sem-juizo\/","title":{"rendered":"O Rico sem juizo"},"content":{"rendered":"<p>Evangelho &#8211; Lc 12, 13-21<\/p>\n<p><strong>O rico sem ju\u00edzo<\/strong><\/p>\n<p style=\"text-align: justify\"><strong>\u00a0<\/strong><strong>Havia um homem rico, cujas terras deram uma grande colheita. Ent\u00e3o ele come\u00e7ou a pensar: \u201cEu n\u00e3o tenho lugar para guardar todas estas colheitas. O que \u00e9 que vou fazer? Ah! J\u00e1 sei, disse para si mesmo. \u201cVou derrubar os meus dep\u00f3sitos de cereais e construir outros maiores\u00a0 ainda. Neles guardarei todas as minhas colheitas junto com tudo o que tenho. Ent\u00e3o direi a mim mesmo: Homem feliz! Voc\u00ea \u00a0tem tudo de bom que precisa para muitos anos. Agora descanse. Coma, beba e alegre-se!\u201d<\/strong><\/p>\n<p style=\"text-align: justify\"><strong>Mas Deus lhe disse:<\/strong><\/p>\n<p style=\"text-align: justify\"><strong>&#8211; Seu tolo! Esta noite voc\u00ea vai morrer, e que ficar\u00e1 com tudo o que voc\u00ea \u00a0guardou?<\/strong><\/p>\n<p style=\"text-align: justify\"><strong>Na Palavra de Deus diz que &#8220;onde esta nosso tesouro, ai estar\u00e1 nosso cora\u00e7\u00e3o&#8221;. Qual tem sido os bens que voc\u00ea tem cultivado?<\/strong><\/p>\n<p style=\"text-align: justify\"><strong>Bens para essa Vida, ou Bens para Eternidade?<\/strong><\/p>\n<p style=\"text-align: justify\"><strong>Hoje Deus nos faz uma alerta, preciso investir minha vida naquilo que \u00e9 eterno. Tudo passa, s\u00f3 Deus permanece.<\/strong><\/p>\n<p style=\"text-align: justify\"><a href=\"http:\/\/blog.cancaonova.com\/paisecatequistas\/files\/2013\/07\/des-5-feito.jpg\"><img loading=\"lazy\" decoding=\"async\" class=\"aligncenter size-full wp-image-6202\" src=\"http:\/\/blog.cancaonova.com\/paisecatequistas\/files\/2013\/07\/des-5-feito.jpg\" alt=\"\" width=\"600\" height=\"800\" srcset=\"https:\/\/blog.cancaonova.com\/paisecatequistas\/files\/2013\/07\/des-5-feito.jpg 600w, https:\/\/blog.cancaonova.com\/paisecatequistas\/files\/2013\/07\/des-5-feito-225x300.jpg 225w\" sizes=\"(max-width: 600px) 100vw, 600px\" \/><\/a><\/p>\n<p style=\"text-align: justify\"><strong>\u00a0<\/strong><\/p>\n","protected":false},"excerpt":{"rendered":"<p>Evangelho &#8211; Lc 12, 13-21 O rico sem ju\u00edzo \u00a0Havia um homem rico, cujas terras deram uma grande colheita. Ent\u00e3o ele come\u00e7ou a pensar: \u201cEu n\u00e3o tenho lugar para guardar todas estas colheitas. O que \u00e9 que vou fazer? Ah!&#8230;<\/p>\n","protected":false},"author":4340,"featured_media":0,"comment_status":"open","ping_status":"open","sticky":false,"template":"","format":"standard","meta":{"_mi_skip_tracking":false,"_monsterinsights_sitenote_active":false,"_monsterinsights_sitenote_note":"","_monsterinsights_sitenote_category":0,"footnotes":""},"categories":[17601],"tags":[],"_links":{"self":[{"href":"https:\/\/blog.cancaonova.com\/paisecatequistas\/wp-json\/wp\/v2\/posts\/6201"}],"collection":[{"href":"https:\/\/blog.cancaonova.com\/paisecatequistas\/wp-json\/wp\/v2\/posts"}],"about":[{"href":"https:\/\/blog.cancaonova.com\/paisecatequistas\/wp-json\/wp\/v2\/types\/post"}],"author":[{"embeddable":true,"href":"https:\/\/blog.cancaonova.com\/paisecatequistas\/wp-json\/wp\/v2\/users\/4340"}],"replies":[{"embeddable":true,"href":"https:\/\/blog.cancaonova.com\/paisecatequistas\/wp-json\/wp\/v2\/comments?post=6201"}],"version-history":[{"count":2,"href":"https:\/\/blog.cancaonova.com\/paisecatequistas\/wp-json\/wp\/v2\/posts\/6201\/revisions"}],"predecessor-version":[{"id":6204,"href":"https:\/\/blog.cancaonova.com\/paisecatequistas\/wp-json\/wp\/v2\/posts\/6201\/revisions\/6204"}],"wp:attachment":[{"href":"https:\/\/blog.cancaonova.com\/paisecatequistas\/wp-json\/wp\/v2\/media?parent=6201"}],"wp:term":[{"taxonomy":"category","embeddable":true,"href":"https:\/\/blog.cancaonova.com\/paisecatequistas\/wp-json\/wp\/v2\/categories?post=6201"},{"taxonomy":"post_tag","embeddable":true,"href":"https:\/\/blog.cancaonova.com\/paisecatequistas\/wp-json\/wp\/v2\/tags?post=6201"}],"curies":[{"name":"wp","href":"https:\/\/api.w.org\/{rel}","templated":true}]}}