{"id":6237,"date":"2013-08-14T08:00:17","date_gmt":"2013-08-14T10:00:17","guid":{"rendered":"http:\/\/blog.cancaonova.com\/paisecatequistas\/?p=6237"},"modified":"2013-07-23T16:44:13","modified_gmt":"2013-07-23T18:44:13","slug":"o-grande-encontro","status":"publish","type":"post","link":"https:\/\/blog.cancaonova.com\/paisecatequistas\/o-grande-encontro\/","title":{"rendered":"O grande encontro"},"content":{"rendered":"<p>Evangelho &#8211; Lucas 1, 39-56<\/p>\n<p><a href=\"http:\/\/blog.cancaonova.com\/paisecatequistas\/files\/2013\/07\/evangelho_21-08-maria-visita-isabel.jpg\"><img loading=\"lazy\" decoding=\"async\" class=\"aligncenter size-full wp-image-6238\" src=\"http:\/\/blog.cancaonova.com\/paisecatequistas\/files\/2013\/07\/evangelho_21-08-maria-visita-isabel.jpg\" alt=\"\" width=\"400\" height=\"502\" srcset=\"https:\/\/blog.cancaonova.com\/paisecatequistas\/files\/2013\/07\/evangelho_21-08-maria-visita-isabel.jpg 400w, https:\/\/blog.cancaonova.com\/paisecatequistas\/files\/2013\/07\/evangelho_21-08-maria-visita-isabel-239x300.jpg 239w\" sizes=\"(max-width: 400px) 100vw, 400px\" \/><\/a><\/p>\n<p>Esse Evangelho nos revela \u00a0o encontro entre \u00a0Maria e sua prima Isabel, o encontro de Jesus e Jo\u00e3o Batista.<\/p>\n<p>As duas estavam gr\u00e1vidas, um seria o Salvador e o outro profeta. O Encontro entre elas foi marcado pela presen\u00e7a do Espirito Santo.\u00a0 E por fim aquele canto belissimo onde Maria abre seu cora\u00e7\u00e3o em gratid\u00e3o a Deus.<\/p>\n<p>Nesse encontro a Vida era celebrada, e com Maria queremos cantar: A minha alma engrandece ao Senhor, e\u00a0 o meu esp\u00edrito se alegra em Deus meu Salvador&#8230;<\/p>\n<p>Fa\u00e7amos desse canto a nossa ora\u00e7\u00e3o neste dia.<\/p>\n<p><a href=\"http:\/\/blog.cancaonova.com\/paisecatequistas\/files\/2013\/07\/evangelho_21-08-maria-visita-isabel_colorir-230x300.jpg\"><img loading=\"lazy\" decoding=\"async\" class=\"aligncenter size-full wp-image-6239\" src=\"http:\/\/blog.cancaonova.com\/paisecatequistas\/files\/2013\/07\/evangelho_21-08-maria-visita-isabel_colorir-230x300.jpg\" alt=\"\" width=\"230\" height=\"300\" \/><\/a><\/p>\n","protected":false},"excerpt":{"rendered":"<p>Evangelho &#8211; Lucas 1, 39-56 Esse Evangelho nos revela \u00a0o encontro entre \u00a0Maria e sua prima Isabel, o encontro de Jesus e Jo\u00e3o Batista. As duas estavam gr\u00e1vidas, um seria o Salvador e o outro profeta. O Encontro entre elas&#8230;<\/p>\n","protected":false},"author":4340,"featured_media":0,"comment_status":"open","ping_status":"open","sticky":false,"template":"","format":"standard","meta":{"_mi_skip_tracking":false,"_monsterinsights_sitenote_active":false,"_monsterinsights_sitenote_note":"","_monsterinsights_sitenote_category":0,"footnotes":""},"categories":[17601],"tags":[],"_links":{"self":[{"href":"https:\/\/blog.cancaonova.com\/paisecatequistas\/wp-json\/wp\/v2\/posts\/6237"}],"collection":[{"href":"https:\/\/blog.cancaonova.com\/paisecatequistas\/wp-json\/wp\/v2\/posts"}],"about":[{"href":"https:\/\/blog.cancaonova.com\/paisecatequistas\/wp-json\/wp\/v2\/types\/post"}],"author":[{"embeddable":true,"href":"https:\/\/blog.cancaonova.com\/paisecatequistas\/wp-json\/wp\/v2\/users\/4340"}],"replies":[{"embeddable":true,"href":"https:\/\/blog.cancaonova.com\/paisecatequistas\/wp-json\/wp\/v2\/comments?post=6237"}],"version-history":[{"count":2,"href":"https:\/\/blog.cancaonova.com\/paisecatequistas\/wp-json\/wp\/v2\/posts\/6237\/revisions"}],"predecessor-version":[{"id":6241,"href":"https:\/\/blog.cancaonova.com\/paisecatequistas\/wp-json\/wp\/v2\/posts\/6237\/revisions\/6241"}],"wp:attachment":[{"href":"https:\/\/blog.cancaonova.com\/paisecatequistas\/wp-json\/wp\/v2\/media?parent=6237"}],"wp:term":[{"taxonomy":"category","embeddable":true,"href":"https:\/\/blog.cancaonova.com\/paisecatequistas\/wp-json\/wp\/v2\/categories?post=6237"},{"taxonomy":"post_tag","embeddable":true,"href":"https:\/\/blog.cancaonova.com\/paisecatequistas\/wp-json\/wp\/v2\/tags?post=6237"}],"curies":[{"name":"wp","href":"https:\/\/api.w.org\/{rel}","templated":true}]}}