{"id":6299,"date":"2013-08-28T08:01:40","date_gmt":"2013-08-28T10:01:40","guid":{"rendered":"http:\/\/blog.cancaonova.com\/paisecatequistas\/?p=6299"},"modified":"2013-08-14T11:53:49","modified_gmt":"2013-08-14T13:53:49","slug":"regras-de-humildade","status":"publish","type":"post","link":"https:\/\/blog.cancaonova.com\/paisecatequistas\/regras-de-humildade\/","title":{"rendered":"Regras de humildade"},"content":{"rendered":"<p>Evangelho &#8211; Lc 14, 1-7-14\u00a0<\/p>\n<p>A pessoa humilde tem um cora\u00e7\u00e3o acolhedor, \u00e9 atento as necessidades do outro,\u00a0 \u00e9 o maior porque ele serve aos outros.<\/p>\n<p style=\"text-align: justify\">A soberba \u00e9 o oposto da humildade. Essa palavra vem de \u201chumus\u201d, daquilo que se acha na terra, p\u00f3. O humilde, \u00e9 aquele que reconhece o seu \u201cnada\u201d, a sua conting\u00eancia, embora seja a mais bela obra de Deus sobre a terra, a sua gl\u00f3ria, como dizia santo Irineu.<\/p>\n<p style=\"text-align: justify\">Neste Evangelho Jesus nos convida\u00a0 a escolher o \u00faltimo lugar em vez do primeiro.<\/p>\n<p style=\"text-align: justify\">Qual tem sido sua postura diante das situa\u00e7\u00f5es, qual tem sido suas escolhas?<\/p>\n<p style=\"text-align: justify\">Vamos pedir a Jesus que nos de um cora\u00e7\u00e3o manso e humilde. Am\u00e9m!<\/p>\n<p style=\"text-align: justify\"><a href=\"http:\/\/blog.cancaonova.com\/paisecatequistas\/files\/2013\/08\/A-semente-do-amor-cresce-em-meu-cora\u00e7\u00e3o-Face.jpg\"><img loading=\"lazy\" decoding=\"async\" class=\"aligncenter size-full wp-image-6300\" src=\"http:\/\/blog.cancaonova.com\/paisecatequistas\/files\/2013\/08\/A-semente-do-amor-cresce-em-meu-cora\u00e7\u00e3o-Face.jpg\" alt=\"\" width=\"800\" height=\"600\" srcset=\"https:\/\/blog.cancaonova.com\/paisecatequistas\/files\/2013\/08\/A-semente-do-amor-cresce-em-meu-cora\u00e7\u00e3o-Face.jpg 800w, https:\/\/blog.cancaonova.com\/paisecatequistas\/files\/2013\/08\/A-semente-do-amor-cresce-em-meu-cora\u00e7\u00e3o-Face-300x225.jpg 300w\" sizes=\"(max-width: 800px) 100vw, 800px\" \/><\/a><\/p>\n<p style=\"text-align: justify\">\u00a0<\/p>\n","protected":false},"excerpt":{"rendered":"<p>Evangelho &#8211; Lc 14, 1-7-14\u00a0 A pessoa humilde tem um cora\u00e7\u00e3o acolhedor, \u00e9 atento as necessidades do outro,\u00a0 \u00e9 o maior porque ele serve aos outros. A soberba \u00e9 o oposto da humildade. Essa palavra vem de \u201chumus\u201d, daquilo que&#8230;<\/p>\n","protected":false},"author":4340,"featured_media":0,"comment_status":"open","ping_status":"open","sticky":false,"template":"","format":"standard","meta":{"_mi_skip_tracking":false,"_monsterinsights_sitenote_active":false,"_monsterinsights_sitenote_note":"","_monsterinsights_sitenote_category":0,"footnotes":""},"categories":[17601],"tags":[16488,16900,19990],"_links":{"self":[{"href":"https:\/\/blog.cancaonova.com\/paisecatequistas\/wp-json\/wp\/v2\/posts\/6299"}],"collection":[{"href":"https:\/\/blog.cancaonova.com\/paisecatequistas\/wp-json\/wp\/v2\/posts"}],"about":[{"href":"https:\/\/blog.cancaonova.com\/paisecatequistas\/wp-json\/wp\/v2\/types\/post"}],"author":[{"embeddable":true,"href":"https:\/\/blog.cancaonova.com\/paisecatequistas\/wp-json\/wp\/v2\/users\/4340"}],"replies":[{"embeddable":true,"href":"https:\/\/blog.cancaonova.com\/paisecatequistas\/wp-json\/wp\/v2\/comments?post=6299"}],"version-history":[{"count":1,"href":"https:\/\/blog.cancaonova.com\/paisecatequistas\/wp-json\/wp\/v2\/posts\/6299\/revisions"}],"predecessor-version":[{"id":6301,"href":"https:\/\/blog.cancaonova.com\/paisecatequistas\/wp-json\/wp\/v2\/posts\/6299\/revisions\/6301"}],"wp:attachment":[{"href":"https:\/\/blog.cancaonova.com\/paisecatequistas\/wp-json\/wp\/v2\/media?parent=6299"}],"wp:term":[{"taxonomy":"category","embeddable":true,"href":"https:\/\/blog.cancaonova.com\/paisecatequistas\/wp-json\/wp\/v2\/categories?post=6299"},{"taxonomy":"post_tag","embeddable":true,"href":"https:\/\/blog.cancaonova.com\/paisecatequistas\/wp-json\/wp\/v2\/tags?post=6299"}],"curies":[{"name":"wp","href":"https:\/\/api.w.org\/{rel}","templated":true}]}}