{"id":64,"date":"2011-11-29T09:00:35","date_gmt":"2011-11-29T11:00:35","guid":{"rendered":"http:\/\/blog.cancaonova.com\/paisecatequistas\/?p=64"},"modified":"2011-10-18T17:47:33","modified_gmt":"2011-10-18T19:47:33","slug":"quantos-abracos-voce-ja-deu-hoje","status":"publish","type":"post","link":"https:\/\/blog.cancaonova.com\/paisecatequistas\/quantos-abracos-voce-ja-deu-hoje\/","title":{"rendered":"Quantos abra\u00e7os voc\u00ea j\u00e1 deu hoje?"},"content":{"rendered":"<p>Ol\u00e1 pais e catequiestas hoje vamos postar\u00a0a\u00a0terceira\u00a0linguagem do amor.<br \/>\n<a href=\"http:\/\/blog.cancaonova.com\/paisecatequistas\/2011\/11\/22\/servir-linguagem-de-amor-de-jesus\/\" target=\"_blank\">Perdeu\u00a0a primeira linguagem do amor?\u00a0<br \/>\nPerdeu\u00a0a\u00a0segunda linguagem do amor?\u00a0<br \/>\nPerdeu\u00a0a\u00a0terceira linguagem do amor?\u00a0<br \/>\nPerdeu\u00a0a\u00a0quarta linguagem do amor?\u00a0<br \/>\n<\/a>Espero que gostem. Deixe seu coment\u00e1rio contando o que achou.<\/p>\n<p>\u00a0<a href=\"http:\/\/blog.cancaonova.com\/paisecatequistas\/files\/2009\/02\/abraco.jpg\"><img loading=\"lazy\" decoding=\"async\" class=\"alignnone size-full wp-image-65\" src=\"http:\/\/blog.cancaonova.com\/paisecatequistas\/files\/2009\/02\/abraco.jpg\" alt=\"\" width=\"500\" height=\"500\" \/><\/a><\/p>\n<p style=\"text-align: justify\">Quinta lingugem do amor: Toque f\u00edsico<br \/>\nParece que muitos pais n\u00e3o est\u00e3o conscientes do quanto seus filhos necessitam de ser tocados fisicamente e\u00a0o quanto \u00e9 f\u00e1cil para eles usar estes meios.<br \/>\nEsta linguagem n\u00e3o esta restrita somente nos atos de abra\u00e7ar e beijar seus filhos, mas inclui qualquer tipo de contato f\u00edsico como afagar seu filho quando o\u00a0colocamos\u00a0no colo.<br \/>\nOs beb\u00eas cujos pais os seguram no colo, abra\u00e7am e beijam desenvolvem uma vida emocional mais saud\u00e1vel que aqueles que permanecem sozinhos no ber\u00e7o sem nenhum contato f\u00edsico.<br \/>\nO contato f\u00edsico \u00e9 uma das mais potentes vozes do amor.<br \/>\nUm abra\u00e7o afetuoso transmite amor a qualquer crian\u00e7a, mas para aquelas que se sentem mais amadas, ser\u00e1 como um grito &#8220;Eu te amo&#8221;.<br \/>\nUm tapa no rosto \u00e9 prejudicial a qualquer crian\u00e7a, mas ter\u00e1 um efeito devastador para as crian\u00e7as cuja linguagem principal seja o contato f\u00edsico.<br \/>\nQualquer pessoa \u00e9 capaz de aprender a linguagem do contato f\u00edsico, e se esta for a linguagem de amor principal de seu filho, ent\u00e3o valer\u00e1 a pena dar o m\u00e1ximo de voc\u00ea para aprend\u00ea-la.<\/p>\n<p style=\"text-align: justify\">Fontes: Livro: As cinco linguagens do amor das crian\u00e7as &#8211;\u00a0Gary Chapman &#8211; Ross Campbell<\/p>\n","protected":false},"excerpt":{"rendered":"<p>Ol\u00e1 pais e catequiestas hoje vamos postar\u00a0a\u00a0terceira\u00a0linguagem do amor. Perdeu\u00a0a primeira linguagem do amor?\u00a0 Perdeu\u00a0a\u00a0segunda linguagem do amor?\u00a0 Perdeu\u00a0a\u00a0terceira linguagem do amor?\u00a0 Perdeu\u00a0a\u00a0quarta linguagem do amor?\u00a0 Espero que gostem. Deixe seu coment\u00e1rio contando o que achou. \u00a0 Quinta lingugem do&#8230;<\/p>\n","protected":false},"author":4340,"featured_media":0,"comment_status":"open","ping_status":"open","sticky":false,"template":"","format":"standard","meta":{"_mi_skip_tracking":false,"_monsterinsights_sitenote_active":false,"_monsterinsights_sitenote_note":"","_monsterinsights_sitenote_category":0,"footnotes":""},"categories":[23],"tags":[17744,38,5911,721],"_links":{"self":[{"href":"https:\/\/blog.cancaonova.com\/paisecatequistas\/wp-json\/wp\/v2\/posts\/64"}],"collection":[{"href":"https:\/\/blog.cancaonova.com\/paisecatequistas\/wp-json\/wp\/v2\/posts"}],"about":[{"href":"https:\/\/blog.cancaonova.com\/paisecatequistas\/wp-json\/wp\/v2\/types\/post"}],"author":[{"embeddable":true,"href":"https:\/\/blog.cancaonova.com\/paisecatequistas\/wp-json\/wp\/v2\/users\/4340"}],"replies":[{"embeddable":true,"href":"https:\/\/blog.cancaonova.com\/paisecatequistas\/wp-json\/wp\/v2\/comments?post=64"}],"version-history":[{"count":7,"href":"https:\/\/blog.cancaonova.com\/paisecatequistas\/wp-json\/wp\/v2\/posts\/64\/revisions"}],"predecessor-version":[{"id":3098,"href":"https:\/\/blog.cancaonova.com\/paisecatequistas\/wp-json\/wp\/v2\/posts\/64\/revisions\/3098"}],"wp:attachment":[{"href":"https:\/\/blog.cancaonova.com\/paisecatequistas\/wp-json\/wp\/v2\/media?parent=64"}],"wp:term":[{"taxonomy":"category","embeddable":true,"href":"https:\/\/blog.cancaonova.com\/paisecatequistas\/wp-json\/wp\/v2\/categories?post=64"},{"taxonomy":"post_tag","embeddable":true,"href":"https:\/\/blog.cancaonova.com\/paisecatequistas\/wp-json\/wp\/v2\/tags?post=64"}],"curies":[{"name":"wp","href":"https:\/\/api.w.org\/{rel}","templated":true}]}}