{"id":6453,"date":"2014-11-06T09:20:56","date_gmt":"2014-11-06T11:20:56","guid":{"rendered":"http:\/\/blog.cancaonova.com\/paisecatequistas\/?p=6453"},"modified":"2014-10-29T11:10:55","modified_gmt":"2014-10-29T13:10:55","slug":"deus-e-deus-dos-vivos","status":"publish","type":"post","link":"https:\/\/blog.cancaonova.com\/paisecatequistas\/deus-e-deus-dos-vivos\/","title":{"rendered":"Deus \u00e9 Deus dos Vivos"},"content":{"rendered":"<p>Evangelho &#8211; Lucas 20,27-40<\/p>\n<p>\u00a0Neste domingo, o tema principal \u00e9 a Ressurrei\u00e7\u00e3o da carne.<\/p>\n<p style=\"text-align: justify\">Ressurrei\u00e7\u00e3o \u00e9 o retorno da nossa alma ao corpo glorioso que Deus nos dar\u00e1 no \u00faltimo dia. Assim diz o Catecismo da Igreja Cat\u00f3lica, resumidamente: na morte, nossa alma se separa do nosso corpo, e vai para junto de Deus. Enquanto nossa carne cai na corrup\u00e7\u00e3o, ou seja, ela se decomp\u00f5e. No \u00faltimo dia, Deus nos dar\u00e1 um &#8220;corpo glorioso&#8221;, que est\u00e1 fora do nosso entendimento, e que n\u00e3o ir\u00e1 mais se decompor. Ent\u00e3o a nossa alma se unir\u00e1 a esse corpo glorioso para sempre. Essa \u00e9 a <strong>Ressurrei\u00e7\u00e3o da carne<\/strong>, que n\u00f3s rezamos na ora\u00e7\u00e3o do Credo, todos os domingos, na missa.<\/p>\n<p style=\"text-align: justify\">Jesus diz que o nosso Deus n\u00e3o \u00e9 Deus dos mortos, mas dos vivos, pois todos n\u00f3s vivemos para Ele. Isso significa que, mesmo ap\u00f3s nossa morte, existe uma vida, a vida eterna.<\/p>\n<p style=\"text-align: justify\">\u00a0<a href=\"http:\/\/blog.cancaonova.com\/paisecatequistas\/files\/2013\/11\/jesusrei.jpg\"><img loading=\"lazy\" decoding=\"async\" class=\"aligncenter size-full wp-image-6519\" src=\"http:\/\/blog.cancaonova.com\/paisecatequistas\/files\/2013\/11\/jesusrei.jpg\" alt=\"\" width=\"1024\" height=\"768\" srcset=\"https:\/\/blog.cancaonova.com\/paisecatequistas\/files\/2013\/11\/jesusrei.jpg 1024w, https:\/\/blog.cancaonova.com\/paisecatequistas\/files\/2013\/11\/jesusrei-300x225.jpg 300w\" sizes=\"(max-width: 1024px) 100vw, 1024px\" \/><\/a><\/p>\n","protected":false},"excerpt":{"rendered":"<p>Evangelho &#8211; Lucas 20,27-40 \u00a0Neste domingo, o tema principal \u00e9 a Ressurrei\u00e7\u00e3o da carne. Ressurrei\u00e7\u00e3o \u00e9 o retorno da nossa alma ao corpo glorioso que Deus nos dar\u00e1 no \u00faltimo dia. Assim diz o Catecismo da Igreja Cat\u00f3lica, resumidamente: na&#8230;<\/p>\n","protected":false},"author":4340,"featured_media":0,"comment_status":"open","ping_status":"open","sticky":false,"template":"","format":"standard","meta":{"_mi_skip_tracking":false,"_monsterinsights_sitenote_active":false,"_monsterinsights_sitenote_note":"","_monsterinsights_sitenote_category":0,"footnotes":""},"categories":[17601],"tags":[],"_links":{"self":[{"href":"https:\/\/blog.cancaonova.com\/paisecatequistas\/wp-json\/wp\/v2\/posts\/6453"}],"collection":[{"href":"https:\/\/blog.cancaonova.com\/paisecatequistas\/wp-json\/wp\/v2\/posts"}],"about":[{"href":"https:\/\/blog.cancaonova.com\/paisecatequistas\/wp-json\/wp\/v2\/types\/post"}],"author":[{"embeddable":true,"href":"https:\/\/blog.cancaonova.com\/paisecatequistas\/wp-json\/wp\/v2\/users\/4340"}],"replies":[{"embeddable":true,"href":"https:\/\/blog.cancaonova.com\/paisecatequistas\/wp-json\/wp\/v2\/comments?post=6453"}],"version-history":[{"count":5,"href":"https:\/\/blog.cancaonova.com\/paisecatequistas\/wp-json\/wp\/v2\/posts\/6453\/revisions"}],"predecessor-version":[{"id":7039,"href":"https:\/\/blog.cancaonova.com\/paisecatequistas\/wp-json\/wp\/v2\/posts\/6453\/revisions\/7039"}],"wp:attachment":[{"href":"https:\/\/blog.cancaonova.com\/paisecatequistas\/wp-json\/wp\/v2\/media?parent=6453"}],"wp:term":[{"taxonomy":"category","embeddable":true,"href":"https:\/\/blog.cancaonova.com\/paisecatequistas\/wp-json\/wp\/v2\/categories?post=6453"},{"taxonomy":"post_tag","embeddable":true,"href":"https:\/\/blog.cancaonova.com\/paisecatequistas\/wp-json\/wp\/v2\/tags?post=6453"}],"curies":[{"name":"wp","href":"https:\/\/api.w.org\/{rel}","templated":true}]}}