{"id":6457,"date":"2014-11-13T09:00:50","date_gmt":"2014-11-13T11:00:50","guid":{"rendered":"http:\/\/blog.cancaonova.com\/paisecatequistas\/?p=6457"},"modified":"2014-10-29T11:10:12","modified_gmt":"2014-10-29T13:10:12","slug":"o-ceu-e-nosso-lugar","status":"publish","type":"post","link":"https:\/\/blog.cancaonova.com\/paisecatequistas\/o-ceu-e-nosso-lugar\/","title":{"rendered":"O C\u00e9u \u00e9 nosso lugar"},"content":{"rendered":"<p>Evangelho &#8211; Lucas 21, 5-19<\/p>\n<p style=\"text-align: justify\">Estamos\u00a0\u00e0s portas do Tempo do Advento, no qual iremos nos preparar para o Natal do Senhor e tamb\u00e9m para a sua segunda vinda. No Evangelho desse domingo Jesus nos traz uma <span style=\"text-decoration: underline\">profecia<\/span> e uma <span style=\"text-decoration: underline\">promessa<\/span>. A profecia \u00e9 sobre o fim dos tempos. E a promessa \u00e9 sobre como Ele recompensar\u00e1 aqueles que se mantiverem fi\u00e9is a sua Palavra.<\/p>\n<p style=\"text-align: justify\">Voc\u00ea sabia que muitos crist\u00e3os morreram por professar a f\u00e9 em Jesus? Foram corajosos, pois fizeram uma experiencia com Jesus que mudou radicalmente a vida de cada um deles.<\/p>\n<p style=\"text-align: justify\">Estamos aguardando a segunda vinda de Jesus, e essa, de fato, ser\u00e1 definitiva.<\/p>\n<p style=\"text-align: justify\">Ele diz que dever\u00e3o acontecer guerras, pa\u00edses ir\u00e3o guerrear entre si, e em meio a tantas tribula\u00e7\u00f5es ir\u00e3o aparecer pessoas dizendo que Jesus est\u00e1 aqui ou ali. N\u00e3o deveremos segui-los. S\u00f3 precisamos nos manter fi\u00e9is ao que Ele j\u00e1 nos ensinou, e deixarmos que o Esp\u00edrito Santo nos conduza.<\/p>\n<p style=\"text-align: justify\">Vamos pedir a Deus hoje a gra\u00e7a do dom da f\u00e9, para que possamos perservar at\u00e9 o fim como os primeiros \u00a0discipulos de Jesus .<\/p>\n<p style=\"text-align: justify\">\u00a0<\/p>\n<p style=\"text-align: justify\">\u00a0<\/p>\n","protected":false},"excerpt":{"rendered":"<p>Evangelho &#8211; Lucas 21, 5-19 Estamos\u00a0\u00e0s portas do Tempo do Advento, no qual iremos nos preparar para o Natal do Senhor e tamb\u00e9m para a sua segunda vinda. No Evangelho desse domingo Jesus nos traz uma profecia e uma promessa&#8230;.<\/p>\n","protected":false},"author":4340,"featured_media":0,"comment_status":"open","ping_status":"open","sticky":false,"template":"","format":"standard","meta":{"_mi_skip_tracking":false,"_monsterinsights_sitenote_active":false,"_monsterinsights_sitenote_note":"","_monsterinsights_sitenote_category":0,"footnotes":""},"categories":[17601],"tags":[],"_links":{"self":[{"href":"https:\/\/blog.cancaonova.com\/paisecatequistas\/wp-json\/wp\/v2\/posts\/6457"}],"collection":[{"href":"https:\/\/blog.cancaonova.com\/paisecatequistas\/wp-json\/wp\/v2\/posts"}],"about":[{"href":"https:\/\/blog.cancaonova.com\/paisecatequistas\/wp-json\/wp\/v2\/types\/post"}],"author":[{"embeddable":true,"href":"https:\/\/blog.cancaonova.com\/paisecatequistas\/wp-json\/wp\/v2\/users\/4340"}],"replies":[{"embeddable":true,"href":"https:\/\/blog.cancaonova.com\/paisecatequistas\/wp-json\/wp\/v2\/comments?post=6457"}],"version-history":[{"count":2,"href":"https:\/\/blog.cancaonova.com\/paisecatequistas\/wp-json\/wp\/v2\/posts\/6457\/revisions"}],"predecessor-version":[{"id":6538,"href":"https:\/\/blog.cancaonova.com\/paisecatequistas\/wp-json\/wp\/v2\/posts\/6457\/revisions\/6538"}],"wp:attachment":[{"href":"https:\/\/blog.cancaonova.com\/paisecatequistas\/wp-json\/wp\/v2\/media?parent=6457"}],"wp:term":[{"taxonomy":"category","embeddable":true,"href":"https:\/\/blog.cancaonova.com\/paisecatequistas\/wp-json\/wp\/v2\/categories?post=6457"},{"taxonomy":"post_tag","embeddable":true,"href":"https:\/\/blog.cancaonova.com\/paisecatequistas\/wp-json\/wp\/v2\/tags?post=6457"}],"curies":[{"name":"wp","href":"https:\/\/api.w.org\/{rel}","templated":true}]}}