{"id":6495,"date":"2014-11-22T08:00:23","date_gmt":"2014-11-22T10:00:23","guid":{"rendered":"http:\/\/blog.cancaonova.com\/paisecatequistas\/?p=6495"},"modified":"2014-10-28T11:25:32","modified_gmt":"2014-10-28T13:25:32","slug":"santa-cecilia-2","status":"publish","type":"post","link":"https:\/\/blog.cancaonova.com\/paisecatequistas\/santa-cecilia-2\/","title":{"rendered":"Santa Cec\u00edlia"},"content":{"rendered":"<p>Hist\u00f3ria de Santa Cec\u00edlia<\/p>\n","protected":false},"excerpt":{"rendered":"<p>Hist\u00f3ria de Santa Cec\u00edlia<\/p>\n","protected":false},"author":4340,"featured_media":0,"comment_status":"open","ping_status":"open","sticky":false,"template":"","format":"standard","meta":{"_mi_skip_tracking":false,"_monsterinsights_sitenote_active":false,"_monsterinsights_sitenote_note":"","_monsterinsights_sitenote_category":0,"footnotes":""},"categories":[23],"tags":[],"_links":{"self":[{"href":"https:\/\/blog.cancaonova.com\/paisecatequistas\/wp-json\/wp\/v2\/posts\/6495"}],"collection":[{"href":"https:\/\/blog.cancaonova.com\/paisecatequistas\/wp-json\/wp\/v2\/posts"}],"about":[{"href":"https:\/\/blog.cancaonova.com\/paisecatequistas\/wp-json\/wp\/v2\/types\/post"}],"author":[{"embeddable":true,"href":"https:\/\/blog.cancaonova.com\/paisecatequistas\/wp-json\/wp\/v2\/users\/4340"}],"replies":[{"embeddable":true,"href":"https:\/\/blog.cancaonova.com\/paisecatequistas\/wp-json\/wp\/v2\/comments?post=6495"}],"version-history":[{"count":2,"href":"https:\/\/blog.cancaonova.com\/paisecatequistas\/wp-json\/wp\/v2\/posts\/6495\/revisions"}],"predecessor-version":[{"id":7034,"href":"https:\/\/blog.cancaonova.com\/paisecatequistas\/wp-json\/wp\/v2\/posts\/6495\/revisions\/7034"}],"wp:attachment":[{"href":"https:\/\/blog.cancaonova.com\/paisecatequistas\/wp-json\/wp\/v2\/media?parent=6495"}],"wp:term":[{"taxonomy":"category","embeddable":true,"href":"https:\/\/blog.cancaonova.com\/paisecatequistas\/wp-json\/wp\/v2\/categories?post=6495"},{"taxonomy":"post_tag","embeddable":true,"href":"https:\/\/blog.cancaonova.com\/paisecatequistas\/wp-json\/wp\/v2\/tags?post=6495"}],"curies":[{"name":"wp","href":"https:\/\/api.w.org\/{rel}","templated":true}]}}