{"id":6550,"date":"2014-12-08T08:30:20","date_gmt":"2014-12-08T10:30:20","guid":{"rendered":"http:\/\/blog.cancaonova.com\/paisecatequistas\/?p=6550"},"modified":"2014-12-04T09:13:52","modified_gmt":"2014-12-04T11:13:52","slug":"imaculada-conceicao-de-nossa-senhora","status":"publish","type":"post","link":"https:\/\/blog.cancaonova.com\/paisecatequistas\/imaculada-conceicao-de-nossa-senhora\/","title":{"rendered":"Imaculada Concei\u00e7\u00e3o de Nossa Senhora"},"content":{"rendered":"<p>Festa da Imaculada Concei\u00e7\u00e3o<\/p>\n<p>Neste pr\u00f3ximo domingo, celebramos a Festa da Imaculada Concei\u00e7\u00e3o de Nossa Senhora. Ela foi preservada desde o primeiro instante da sua vida do pecado original.<\/p>\n<p>Vamos ouvir essa hist\u00f3ria com o Janj\u00e3o.<\/p>\n","protected":false},"excerpt":{"rendered":"<p>Festa da Imaculada Concei\u00e7\u00e3o Neste pr\u00f3ximo domingo, celebramos a Festa da Imaculada Concei\u00e7\u00e3o de Nossa Senhora. Ela foi preservada desde o primeiro instante da sua vida do pecado original. Vamos ouvir essa hist\u00f3ria com o Janj\u00e3o.<\/p>\n","protected":false},"author":4340,"featured_media":0,"comment_status":"open","ping_status":"open","sticky":false,"template":"","format":"standard","meta":{"_mi_skip_tracking":false,"_monsterinsights_sitenote_active":false,"_monsterinsights_sitenote_note":"","_monsterinsights_sitenote_category":0,"footnotes":""},"categories":[17601],"tags":[],"_links":{"self":[{"href":"https:\/\/blog.cancaonova.com\/paisecatequistas\/wp-json\/wp\/v2\/posts\/6550"}],"collection":[{"href":"https:\/\/blog.cancaonova.com\/paisecatequistas\/wp-json\/wp\/v2\/posts"}],"about":[{"href":"https:\/\/blog.cancaonova.com\/paisecatequistas\/wp-json\/wp\/v2\/types\/post"}],"author":[{"embeddable":true,"href":"https:\/\/blog.cancaonova.com\/paisecatequistas\/wp-json\/wp\/v2\/users\/4340"}],"replies":[{"embeddable":true,"href":"https:\/\/blog.cancaonova.com\/paisecatequistas\/wp-json\/wp\/v2\/comments?post=6550"}],"version-history":[{"count":1,"href":"https:\/\/blog.cancaonova.com\/paisecatequistas\/wp-json\/wp\/v2\/posts\/6550\/revisions"}],"predecessor-version":[{"id":6551,"href":"https:\/\/blog.cancaonova.com\/paisecatequistas\/wp-json\/wp\/v2\/posts\/6550\/revisions\/6551"}],"wp:attachment":[{"href":"https:\/\/blog.cancaonova.com\/paisecatequistas\/wp-json\/wp\/v2\/media?parent=6550"}],"wp:term":[{"taxonomy":"category","embeddable":true,"href":"https:\/\/blog.cancaonova.com\/paisecatequistas\/wp-json\/wp\/v2\/categories?post=6550"},{"taxonomy":"post_tag","embeddable":true,"href":"https:\/\/blog.cancaonova.com\/paisecatequistas\/wp-json\/wp\/v2\/tags?post=6550"}],"curies":[{"name":"wp","href":"https:\/\/api.w.org\/{rel}","templated":true}]}}