{"id":6593,"date":"2017-01-02T09:00:45","date_gmt":"2017-01-02T11:00:45","guid":{"rendered":"http:\/\/blog.cancaonova.com\/paisecatequistas\/?p=6593"},"modified":"2016-12-07T13:15:53","modified_gmt":"2016-12-07T15:15:53","slug":"gloria-a-deus-nas-alturas","status":"publish","type":"post","link":"https:\/\/blog.cancaonova.com\/paisecatequistas\/gloria-a-deus-nas-alturas\/","title":{"rendered":"Gl\u00f3ria a Deus nas alturas"},"content":{"rendered":"<p>Evangelho &#8211; Lucas 2, 16-21<\/p>\n<p><a href=\"http:\/\/blog.cancaonova.com\/paisecatequistas\/files\/2013\/12\/evangelho_nsrceu-o-salvador-25-12-11.jpg\"><img loading=\"lazy\" decoding=\"async\" class=\"aligncenter size-full wp-image-6594\" alt=\"evangelho_nsrceu-o-salvador-25-12-11\" src=\"http:\/\/blog.cancaonova.com\/paisecatequistas\/files\/2013\/12\/evangelho_nsrceu-o-salvador-25-12-11.jpg\" width=\"350\" height=\"420\" srcset=\"https:\/\/blog.cancaonova.com\/paisecatequistas\/files\/2013\/12\/evangelho_nsrceu-o-salvador-25-12-11.jpg 350w, https:\/\/blog.cancaonova.com\/paisecatequistas\/files\/2013\/12\/evangelho_nsrceu-o-salvador-25-12-11-250x300.jpg 250w\" sizes=\"(max-width: 350px) 100vw, 350px\" \/><\/a><\/p>\n<p><b>\u201cGl\u00f3ria a Deus nas alturas, e paz na Terra aos homens.\u201d Lucas 2, 16-21<\/b><\/p>\n<p>Vamos aprender com os pastores que foram ao encontro de Jesus para adora-lo.<\/p>\n<blockquote>\n<h4><b>1. Eles deixaram o medo e encontraram alegria em adorar.<\/b><\/h4>\n<h4><b>2. Eles seguiram as instru\u00e7\u00f5es do anjo. Procuraram Jesus at\u00e9 encontr\u00e1-Lo.<\/b><\/h4>\n<h4><b>3. Contaram para outras pessoas sobre a experi\u00eancia deles, partilhando o convite para adorar a Jesus.<\/b><\/h4>\n<h4><b>4. Retornaram para continuar seu trabalho, todo o tempo louvando a Deus pelo que tinham visto e ouvido. Vamos e fa\u00e7amos a mesma coisa!<\/b><\/h4>\n<p><a href=\"http:\/\/blog.cancaonova.com\/paisecatequistas\/files\/2013\/12\/evangelho_nsrceu-o-salvador-25-12-11_PARA-COLORIR.jpg\"><img loading=\"lazy\" decoding=\"async\" class=\"aligncenter size-full wp-image-6595\" alt=\"evangelho_nsrceu-o-salvador-25-12-11_PARA-COLORIR\" src=\"http:\/\/blog.cancaonova.com\/paisecatequistas\/files\/2013\/12\/evangelho_nsrceu-o-salvador-25-12-11_PARA-COLORIR.jpg\" width=\"350\" height=\"456\" srcset=\"https:\/\/blog.cancaonova.com\/paisecatequistas\/files\/2013\/12\/evangelho_nsrceu-o-salvador-25-12-11_PARA-COLORIR.jpg 350w, https:\/\/blog.cancaonova.com\/paisecatequistas\/files\/2013\/12\/evangelho_nsrceu-o-salvador-25-12-11_PARA-COLORIR-230x300.jpg 230w\" sizes=\"(max-width: 350px) 100vw, 350px\" \/><\/a><\/p><\/blockquote>\n","protected":false},"excerpt":{"rendered":"<p>Evangelho &#8211; Lucas 2, 16-21 \u201cGl\u00f3ria a Deus nas alturas, e paz na Terra aos homens.\u201d Lucas 2, 16-21 Vamos aprender com os pastores que foram ao encontro de Jesus para adora-lo. 1. Eles deixaram o medo e encontraram alegria&#8230;<\/p>\n","protected":false},"author":4340,"featured_media":0,"comment_status":"open","ping_status":"open","sticky":false,"template":"","format":"standard","meta":{"_mi_skip_tracking":false,"_monsterinsights_sitenote_active":false,"_monsterinsights_sitenote_note":"","_monsterinsights_sitenote_category":0,"footnotes":""},"categories":[17601],"tags":[],"_links":{"self":[{"href":"https:\/\/blog.cancaonova.com\/paisecatequistas\/wp-json\/wp\/v2\/posts\/6593"}],"collection":[{"href":"https:\/\/blog.cancaonova.com\/paisecatequistas\/wp-json\/wp\/v2\/posts"}],"about":[{"href":"https:\/\/blog.cancaonova.com\/paisecatequistas\/wp-json\/wp\/v2\/types\/post"}],"author":[{"embeddable":true,"href":"https:\/\/blog.cancaonova.com\/paisecatequistas\/wp-json\/wp\/v2\/users\/4340"}],"replies":[{"embeddable":true,"href":"https:\/\/blog.cancaonova.com\/paisecatequistas\/wp-json\/wp\/v2\/comments?post=6593"}],"version-history":[{"count":2,"href":"https:\/\/blog.cancaonova.com\/paisecatequistas\/wp-json\/wp\/v2\/posts\/6593\/revisions"}],"predecessor-version":[{"id":6597,"href":"https:\/\/blog.cancaonova.com\/paisecatequistas\/wp-json\/wp\/v2\/posts\/6593\/revisions\/6597"}],"wp:attachment":[{"href":"https:\/\/blog.cancaonova.com\/paisecatequistas\/wp-json\/wp\/v2\/media?parent=6593"}],"wp:term":[{"taxonomy":"category","embeddable":true,"href":"https:\/\/blog.cancaonova.com\/paisecatequistas\/wp-json\/wp\/v2\/categories?post=6593"},{"taxonomy":"post_tag","embeddable":true,"href":"https:\/\/blog.cancaonova.com\/paisecatequistas\/wp-json\/wp\/v2\/tags?post=6593"}],"curies":[{"name":"wp","href":"https:\/\/api.w.org\/{rel}","templated":true}]}}