{"id":6990,"date":"2023-09-23T00:00:36","date_gmt":"2023-09-23T02:00:36","guid":{"rendered":"http:\/\/blog.cancaonova.com\/paisecatequistas\/?p=6990"},"modified":"2025-09-19T12:35:26","modified_gmt":"2025-09-19T14:35:26","slug":"sao-padre-pio","status":"publish","type":"post","link":"https:\/\/blog.cancaonova.com\/paisecatequistas\/sao-padre-pio\/","title":{"rendered":"S\u00e3o Padre Pio"},"content":{"rendered":"<h2 data-start=\"136\" data-end=\"185\">Padre Pio e a amizade com seu Anjo da Guarda<\/h2>\n<p data-start=\"187\" data-end=\"298\">Padre Pio nasceu na It\u00e1lia, na pequena cidade de Pietrelcina. Seu nome de batismo era <strong data-start=\"273\" data-end=\"295\">Francisco Forgione<\/strong>.<\/p>\n<p data-start=\"300\" data-end=\"424\">Desde crian\u00e7a, ele cultivava uma forte amizade com seu <strong data-start=\"355\" data-end=\"373\">Anjo da Guarda<\/strong>, que o ajudava em muitas situa\u00e7\u00f5es do dia a dia.<\/p>\n<p data-start=\"426\" data-end=\"574\">Sua fam\u00edlia era muito dedicada \u00e0 ora\u00e7\u00e3o e, junto com seus irm\u00e3os, Francisco aprendeu a fugir das fofocas, a evitar palavr\u00f5es e a viver a caridade.<\/p>\n<p data-start=\"576\" data-end=\"777\">Uma curiosidade \u00e9 que ele <strong data-start=\"602\" data-end=\"632\">literalmente sa\u00eda correndo<\/strong> quando algum coleguinha dizia uma palavra feia perto dele. Esse gesto mostrava a pureza de cora\u00e7\u00e3o e o desejo de agradar a Deus desde pequeno.<\/p>\n<p><a href=\"http:\/\/blog.cancaonova.com\/paisecatequistas\/files\/2014\/09\/padre-pio.jpg\"><img loading=\"lazy\" decoding=\"async\" class=\"size-full wp-image-6991 alignnone\" src=\"http:\/\/blog.cancaonova.com\/paisecatequistas\/files\/2014\/09\/padre-pio.jpg\" alt=\"padre pio\" width=\"526\" height=\"382\" srcset=\"https:\/\/blog.cancaonova.com\/paisecatequistas\/files\/2014\/09\/padre-pio.jpg 526w, https:\/\/blog.cancaonova.com\/paisecatequistas\/files\/2014\/09\/padre-pio-300x217.jpg 300w\" sizes=\"(max-width: 526px) 100vw, 526px\" \/><\/a><\/p>\n<p data-start=\"177\" data-end=\"474\">Com apenas <strong data-start=\"188\" data-end=\"199\">15 anos<\/strong>, Francisco entrou na <strong data-start=\"221\" data-end=\"261\">Ordem dos Frades Menores Capuchinhos<\/strong>, em Morcone, e recebeu o nome de <strong data-start=\"295\" data-end=\"307\">Frei Pio<\/strong>. Aos <strong data-start=\"313\" data-end=\"324\">23 anos<\/strong>, foi ordenado sacerdote. Mais tarde, ap\u00f3s um per\u00edodo de doen\u00e7a, mudou-se para o convento de <strong data-start=\"417\" data-end=\"441\">San Giovanni Rotondo<\/strong>, onde viveu at\u00e9 o fim da vida.<\/p>\n<p data-start=\"476\" data-end=\"711\">S\u00e3o Pio ficou conhecido por ter recebido os <strong data-start=\"520\" data-end=\"542\">Estigmas de Cristo<\/strong> \u2014 as mesmas feridas que Jesus sofreu na cruz. Sua vida era marcada pela ora\u00e7\u00e3o constante e pelo minist\u00e9rio das confiss\u00f5es, onde acolhia e orientava milhares de fi\u00e9is.<\/p>\n<p data-start=\"713\" data-end=\"1019\">Devido a essa intensa vida espiritual, tamb\u00e9m enfrentou persegui\u00e7\u00f5es do inimigo, a quem chamava de <strong data-start=\"812\" data-end=\"828\">\u201cbarba azul\u201d<\/strong>. O dem\u00f4nio tentava tirar sua paz, mas Frei Pio permanecia firme, sustentado por sua grande f\u00e9 e profundo amor por <strong data-start=\"943\" data-end=\"960\">Jesus e Maria<\/strong>. Assim, continuava a atrair e converter muitos cora\u00e7\u00f5es.<\/p>\n<p data-start=\"1021\" data-end=\"1258\">No dia <strong data-start=\"1028\" data-end=\"1054\">23 de setembro de 1968<\/strong>, Padre Pio partiu para a Casa do Pai, falecendo em sua cela enquanto rezava o ter\u00e7o. Anos depois, em <strong data-start=\"1156\" data-end=\"1164\">2002<\/strong>, foi canonizado pelo Papa <strong data-start=\"1191\" data-end=\"1212\">S\u00e3o Jo\u00e3o Paulo II<\/strong>, que reconheceu oficialmente sua santidade.<\/p>\n<h3 data-start=\"1260\" data-end=\"1278\">Ora\u00e7\u00e3o final<\/h3>\n<p data-start=\"1279\" data-end=\"1388\"><strong data-start=\"1279\" data-end=\"1386\">Pe\u00e7amos a intercess\u00e3o de S\u00e3o Pio de Pietrelcina, para que nos ajude a amar sempre mais a Jesus e Maria.<\/strong><\/p>\n<p data-start=\"1390\" data-end=\"1432\"><em data-start=\"1390\" data-end=\"1430\">S\u00e3o Pio de Pietrelcina, rogai por n\u00f3s!<\/em><\/p>\n<p><a href=\"http:\/\/blog.cancaonova.com\/paisecatequistas\/files\/2016\/09\/padre_pio.jpg\"><img loading=\"lazy\" decoding=\"async\" class=\"wp-image-12515 alignleft\" src=\"http:\/\/blog.cancaonova.com\/paisecatequistas\/files\/2016\/09\/padre_pio.jpg\" alt=\"\" width=\"638\" height=\"638\" srcset=\"https:\/\/blog.cancaonova.com\/paisecatequistas\/files\/2016\/09\/padre_pio.jpg 1000w, https:\/\/blog.cancaonova.com\/paisecatequistas\/files\/2016\/09\/padre_pio-150x150.jpg 150w, https:\/\/blog.cancaonova.com\/paisecatequistas\/files\/2016\/09\/padre_pio-300x300.jpg 300w, https:\/\/blog.cancaonova.com\/paisecatequistas\/files\/2016\/09\/padre_pio-768x768.jpg 768w\" sizes=\"(max-width: 638px) 100vw, 638px\" \/><\/a><\/p>\n<p>&nbsp;<\/p>\n<p>&nbsp;<\/p>\n<p>&nbsp;<\/p>\n<p>&nbsp;<\/p>\n<p>&nbsp;<\/p>\n<p>&nbsp;<\/p>\n<p>&nbsp;<\/p>\n<p>&nbsp;<\/p>\n<p>&nbsp;<\/p>\n<p>&nbsp;<\/p>\n<p>&nbsp;<\/p>\n<p>&nbsp;<\/p>\n<p>&nbsp;<\/p>\n<p>&nbsp;<\/p>\n<p>&nbsp;<\/p>\n<p>&nbsp;<\/p>\n<p>&nbsp;<\/p>\n<p>&nbsp;<\/p>\n<p>&nbsp;<\/p>\n<p>&nbsp;<\/p>\n<p><a href=\"https:\/\/blog.cancaonova.com\/paisecatequistas\/files\/2024\/09\/padre-pio.pdf\"><img loading=\"lazy\" decoding=\"async\" class=\"wp-image-17901 alignnone\" src=\"http:\/\/blog.cancaonova.com\/paisecatequistas\/files\/2023\/09\/09-Sao-Padre-Pio-scaled.jpg\" alt=\"\" width=\"638\" height=\"1243\" srcset=\"https:\/\/blog.cancaonova.com\/paisecatequistas\/files\/2023\/09\/09-Sao-Padre-Pio-scaled.jpg 1314w, https:\/\/blog.cancaonova.com\/paisecatequistas\/files\/2023\/09\/09-Sao-Padre-Pio-154x300.jpg 154w, https:\/\/blog.cancaonova.com\/paisecatequistas\/files\/2023\/09\/09-Sao-Padre-Pio-768x1496.jpg 768w, https:\/\/blog.cancaonova.com\/paisecatequistas\/files\/2023\/09\/09-Sao-Padre-Pio-788x1536.jpg 788w, https:\/\/blog.cancaonova.com\/paisecatequistas\/files\/2023\/09\/09-Sao-Padre-Pio-1051x2048.jpg 1051w\" sizes=\"(max-width: 638px) 100vw, 638px\" \/><\/a><\/p>\n<p><a href=\"https:\/\/blog.cancaonova.com\/paisecatequistas\/files\/2024\/09\/padre-pio.pdf\"><img loading=\"lazy\" decoding=\"async\" class=\"wp-image-17902 alignnone\" src=\"http:\/\/blog.cancaonova.com\/paisecatequistas\/files\/2023\/09\/padre-pio.png\" alt=\"\" width=\"743\" height=\"1051\" srcset=\"https:\/\/blog.cancaonova.com\/paisecatequistas\/files\/2023\/09\/padre-pio.png 1414w, https:\/\/blog.cancaonova.com\/paisecatequistas\/files\/2023\/09\/padre-pio-212x300.png 212w, https:\/\/blog.cancaonova.com\/paisecatequistas\/files\/2023\/09\/padre-pio-768x1086.png 768w, https:\/\/blog.cancaonova.com\/paisecatequistas\/files\/2023\/09\/padre-pio-1086x1536.png 1086w\" sizes=\"(max-width: 743px) 100vw, 743px\" \/><\/a><\/p>\n<p>&nbsp;<\/p>\n<p>&nbsp;<\/p>\n<p>&nbsp;<\/p>\n<p>&nbsp;<\/p>\n<p>&nbsp;<\/p>\n<p>&nbsp;<\/p>\n<p>&nbsp;<\/p>\n<p>&nbsp;<\/p>\n<p>&nbsp;<\/p>\n","protected":false},"excerpt":{"rendered":"<p>Padre Pio nasceu na It\u00e1lia, na pequena cidade de Pietrelcina. Seu nome de batismo era Francisco Forgione.<\/p>\n<p>Desde crian\u00e7a, ele cultivava uma forte amizade com seu Anjo da Guarda, que o ajudava em muitas situa\u00e7\u00f5es do dia a dia.<\/p>\n<p>Sua fam\u00edlia era muito dedicada \u00e0 ora\u00e7\u00e3o e, junto com seus irm\u00e3os, Francisco aprendeu a fugir das fofocas, a evitar palavr\u00f5es e a viver a caridade. <a href=\"https:\/\/blog.cancaonova.com\/paisecatequistas\/sao-padre-pio\/\">Continue lendo <span class=\"meta-nav\">&rarr;<\/span><\/a><\/p>\n","protected":false},"author":4340,"featured_media":17900,"comment_status":"closed","ping_status":"closed","sticky":false,"template":"","format":"standard","meta":{"_mi_skip_tracking":false,"_monsterinsights_sitenote_active":false,"_monsterinsights_sitenote_note":"","_monsterinsights_sitenote_category":0,"footnotes":""},"categories":[271],"tags":[5011,15521,8001,32,16378,15765,33498,7761],"_links":{"self":[{"href":"https:\/\/blog.cancaonova.com\/paisecatequistas\/wp-json\/wp\/v2\/posts\/6990"}],"collection":[{"href":"https:\/\/blog.cancaonova.com\/paisecatequistas\/wp-json\/wp\/v2\/posts"}],"about":[{"href":"https:\/\/blog.cancaonova.com\/paisecatequistas\/wp-json\/wp\/v2\/types\/post"}],"author":[{"embeddable":true,"href":"https:\/\/blog.cancaonova.com\/paisecatequistas\/wp-json\/wp\/v2\/users\/4340"}],"replies":[{"embeddable":true,"href":"https:\/\/blog.cancaonova.com\/paisecatequistas\/wp-json\/wp\/v2\/comments?post=6990"}],"version-history":[{"count":11,"href":"https:\/\/blog.cancaonova.com\/paisecatequistas\/wp-json\/wp\/v2\/posts\/6990\/revisions"}],"predecessor-version":[{"id":19610,"href":"https:\/\/blog.cancaonova.com\/paisecatequistas\/wp-json\/wp\/v2\/posts\/6990\/revisions\/19610"}],"wp:featuredmedia":[{"embeddable":true,"href":"https:\/\/blog.cancaonova.com\/paisecatequistas\/wp-json\/wp\/v2\/media\/17900"}],"wp:attachment":[{"href":"https:\/\/blog.cancaonova.com\/paisecatequistas\/wp-json\/wp\/v2\/media?parent=6990"}],"wp:term":[{"taxonomy":"category","embeddable":true,"href":"https:\/\/blog.cancaonova.com\/paisecatequistas\/wp-json\/wp\/v2\/categories?post=6990"},{"taxonomy":"post_tag","embeddable":true,"href":"https:\/\/blog.cancaonova.com\/paisecatequistas\/wp-json\/wp\/v2\/tags?post=6990"}],"curies":[{"name":"wp","href":"https:\/\/api.w.org\/{rel}","templated":true}]}}