{"id":732,"date":"2009-09-03T12:40:27","date_gmt":"2009-09-03T14:40:27","guid":{"rendered":"http:\/\/blog.cancaonova.com\/paisecatequistas\/?p=732"},"modified":"2012-01-11T17:32:59","modified_gmt":"2012-01-11T19:32:59","slug":"e-primavera-na-cancao-nova","status":"publish","type":"post","link":"https:\/\/blog.cancaonova.com\/paisecatequistas\/e-primavera-na-cancao-nova\/","title":{"rendered":"\u00c9 Primavera na Can\u00e7\u00e3o Nova!"},"content":{"rendered":"<p>Ol\u00e1 Fam\u00edlia Can\u00e7\u00e3o Nova.<\/p>\n<p>Hoje queremos partilhar com voc\u00ea uma boa not\u00edcia.<\/p>\n<p>Estamos em festa\u00a0 comemorando 60 anos que o Mosenhor Jonas Abib entrou no Semin\u00e1rio em Lavrinhas\/SP.<\/p>\n<p>Alegre-se com a Fam\u00edlia Can\u00e7\u00e3o Nova neste dia&#8230;<\/p>\n<p>Para voc\u00ea conhecer um pouco dessa hist\u00f3ria clique abaixo:<\/p>\n<p style=\"text-align: center\"><a href=\"http:\/\/blog.cancaonova.com\/paisecatequistas\/files\/2009\/09\/31-sua-primeira-comunhao-copy.jpg\"><img loading=\"lazy\" decoding=\"async\" class=\"alignnone size-full wp-image-734\" src=\"http:\/\/blog.cancaonova.com\/paisecatequistas\/files\/2009\/09\/31-sua-primeira-comunhao-copy.jpg\" alt=\"\" width=\"400\" height=\"373\" \/><\/a><\/p>\n<h1 style=\"text-align: center\"><a title=\"Monsenhor Jonas \" href=\"http:\/\/blog.cancaonova.com\/paisecatequistas\/files\/2009\/09\/monsenhor-jonas.doc\" target=\"_self\">CLIQUE AQUI!<\/a><\/h1>\n","protected":false},"excerpt":{"rendered":"<p>Ol\u00e1 Fam\u00edlia Can\u00e7\u00e3o Nova. Hoje queremos partilhar com voc\u00ea uma boa not\u00edcia. Estamos em festa\u00a0 comemorando 60 anos que o Mosenhor Jonas Abib entrou no Semin\u00e1rio em Lavrinhas\/SP. Alegre-se com a Fam\u00edlia Can\u00e7\u00e3o Nova neste dia&#8230; Para voc\u00ea conhecer um&#8230;<\/p>\n","protected":false},"author":4340,"featured_media":0,"comment_status":"open","ping_status":"open","sticky":false,"template":"","format":"standard","meta":{"_mi_skip_tracking":false,"_monsterinsights_sitenote_active":false,"_monsterinsights_sitenote_note":"","_monsterinsights_sitenote_category":0,"footnotes":""},"categories":[23],"tags":[102720,18772,26294,18398,7391],"_links":{"self":[{"href":"https:\/\/blog.cancaonova.com\/paisecatequistas\/wp-json\/wp\/v2\/posts\/732"}],"collection":[{"href":"https:\/\/blog.cancaonova.com\/paisecatequistas\/wp-json\/wp\/v2\/posts"}],"about":[{"href":"https:\/\/blog.cancaonova.com\/paisecatequistas\/wp-json\/wp\/v2\/types\/post"}],"author":[{"embeddable":true,"href":"https:\/\/blog.cancaonova.com\/paisecatequistas\/wp-json\/wp\/v2\/users\/4340"}],"replies":[{"embeddable":true,"href":"https:\/\/blog.cancaonova.com\/paisecatequistas\/wp-json\/wp\/v2\/comments?post=732"}],"version-history":[{"count":3,"href":"https:\/\/blog.cancaonova.com\/paisecatequistas\/wp-json\/wp\/v2\/posts\/732\/revisions"}],"predecessor-version":[{"id":3759,"href":"https:\/\/blog.cancaonova.com\/paisecatequistas\/wp-json\/wp\/v2\/posts\/732\/revisions\/3759"}],"wp:attachment":[{"href":"https:\/\/blog.cancaonova.com\/paisecatequistas\/wp-json\/wp\/v2\/media?parent=732"}],"wp:term":[{"taxonomy":"category","embeddable":true,"href":"https:\/\/blog.cancaonova.com\/paisecatequistas\/wp-json\/wp\/v2\/categories?post=732"},{"taxonomy":"post_tag","embeddable":true,"href":"https:\/\/blog.cancaonova.com\/paisecatequistas\/wp-json\/wp\/v2\/tags?post=732"}],"curies":[{"name":"wp","href":"https:\/\/api.w.org\/{rel}","templated":true}]}}