{"id":7589,"date":"2016-03-15T12:16:14","date_gmt":"2016-03-15T14:16:14","guid":{"rendered":"http:\/\/blog.cancaonova.com\/paisecatequistas\/?p=7589"},"modified":"2016-03-15T12:16:14","modified_gmt":"2016-03-15T14:16:14","slug":"o-habito-da-oracao-uma-heranca-de-grande-valor-2","status":"publish","type":"post","link":"https:\/\/blog.cancaonova.com\/paisecatequistas\/o-habito-da-oracao-uma-heranca-de-grande-valor-2\/","title":{"rendered":"O h\u00e1bito da ora\u00e7\u00e3o, uma heran\u00e7a de grande valor"},"content":{"rendered":"<h2>O h\u00e1bito da ora\u00e7\u00e3o \u00e9 um dos maiores legados, uma heran\u00e7a de grande valor<\/h2>\n<p style=\"text-align: left\">\u201cVoc\u00ea j\u00e1 come\u00e7ou a rezar? Voc\u00ea precisa aprender a rezar. Sinta sempre, ao longo do dia, a necessidade da ora\u00e7\u00e3o e d\u00ea-se ao trabalho de rezar. A prece amplia o cora\u00e7\u00e3o, a ponto de este conter a oferta que Deus faz de Si mesmo. Pe\u00e7a e procure, e seu cora\u00e7\u00e3o crescer\u00e1 at\u00e9 receb\u00ea-Lo e mant\u00ea-Lo para si. Ao ter aprendido a procurar por Deus, ter\u00e1 encontrado a fonte de grande santidade para voc\u00ea, sua fam\u00edlia e aqueles que o cercam.\u201d<\/p>\n<p style=\"text-align: left\">Madre Teresa de Calcut\u00e1<\/p>\n<p style=\"text-align: left\">&#8220;Pai Nosso que estais no C\u00e9u, santificado seja o Vosso nome&#8230;&#8221; Jesus come\u00e7ou a ora\u00e7\u00e3o do Pai-Nosso com um louvor. \u00c9 do louvor que vem a for\u00e7a de tantos amigos de Deus.<\/p>\n<p><iframe loading=\"lazy\" title=\"Programa Educar na F\u00c3\u00a9- um Deus Pai amoroso\" width=\"600\" height=\"450\" src=\"https:\/\/www.youtube.com\/embed\/AF-RmSctbhQ?feature=oembed&amp;rel=0\" frameborder=\"0\" allow=\"accelerometer; autoplay; clipboard-write; encrypted-media; gyroscope; picture-in-picture; web-share\" referrerpolicy=\"strict-origin-when-cross-origin\" allowfullscreen><\/iframe><\/p>\n<p style=\"text-align: left\">Quando oro com meus filhos, naturalmente come\u00e7amos pela palavra &#8220;obrigada&#8221;. Foi algo natural, que se tornou um h\u00e1bito: &#8220;Obrigado, Senhor, pelo dia de hoje no carro, indo para a escola, pelo dia que tivemos&#8221;. As crian\u00e7as enumeram os motivos que tiveram para agradecer. Penso que essa foi uma inspira\u00e7\u00e3o do Esp\u00edrito Santo, porque temos tanto a agradecer sempre! A ora\u00e7\u00e3o de louvor, al\u00e9m de ser agrad\u00e1vel a Deus, ensina a crian\u00e7a a ter um olhar positivo sobre a vida. Para que parar os olhos nos espinhos, se temos a rosa para contemplar?<\/p>\n<p style=\"text-align: left\">Da Reda\u00e7\u00e3o<br \/>\nAndr\u00e9ia Cristina<\/p>\n","protected":false},"excerpt":{"rendered":"<p>O h\u00e1bito da ora\u00e7\u00e3o \u00e9 um dos maiores legados, uma heran\u00e7a de grande valor \u201cVoc\u00ea j\u00e1 come\u00e7ou a rezar? Voc\u00ea precisa aprender a rezar. Sinta sempre, ao longo do dia, a necessidade da ora\u00e7\u00e3o e d\u00ea-se ao trabalho de rezar&#8230;.<\/p>\n","protected":false},"author":4414,"featured_media":0,"comment_status":"open","ping_status":"open","sticky":false,"template":"","format":"standard","meta":{"_mi_skip_tracking":false,"_monsterinsights_sitenote_active":false,"_monsterinsights_sitenote_note":"","_monsterinsights_sitenote_category":0,"footnotes":""},"categories":[16851,23,1],"tags":[],"_links":{"self":[{"href":"https:\/\/blog.cancaonova.com\/paisecatequistas\/wp-json\/wp\/v2\/posts\/7589"}],"collection":[{"href":"https:\/\/blog.cancaonova.com\/paisecatequistas\/wp-json\/wp\/v2\/posts"}],"about":[{"href":"https:\/\/blog.cancaonova.com\/paisecatequistas\/wp-json\/wp\/v2\/types\/post"}],"author":[{"embeddable":true,"href":"https:\/\/blog.cancaonova.com\/paisecatequistas\/wp-json\/wp\/v2\/users\/4414"}],"replies":[{"embeddable":true,"href":"https:\/\/blog.cancaonova.com\/paisecatequistas\/wp-json\/wp\/v2\/comments?post=7589"}],"version-history":[{"count":3,"href":"https:\/\/blog.cancaonova.com\/paisecatequistas\/wp-json\/wp\/v2\/posts\/7589\/revisions"}],"predecessor-version":[{"id":7592,"href":"https:\/\/blog.cancaonova.com\/paisecatequistas\/wp-json\/wp\/v2\/posts\/7589\/revisions\/7592"}],"wp:attachment":[{"href":"https:\/\/blog.cancaonova.com\/paisecatequistas\/wp-json\/wp\/v2\/media?parent=7589"}],"wp:term":[{"taxonomy":"category","embeddable":true,"href":"https:\/\/blog.cancaonova.com\/paisecatequistas\/wp-json\/wp\/v2\/categories?post=7589"},{"taxonomy":"post_tag","embeddable":true,"href":"https:\/\/blog.cancaonova.com\/paisecatequistas\/wp-json\/wp\/v2\/tags?post=7589"}],"curies":[{"name":"wp","href":"https:\/\/api.w.org\/{rel}","templated":true}]}}