{"id":7641,"date":"2016-03-21T09:47:23","date_gmt":"2016-03-21T11:47:23","guid":{"rendered":"http:\/\/blog.cancaonova.com\/paisecatequistas\/?p=7641"},"modified":"2016-03-21T09:47:23","modified_gmt":"2016-03-21T11:47:23","slug":"segunda-feira-santa","status":"publish","type":"post","link":"https:\/\/blog.cancaonova.com\/paisecatequistas\/segunda-feira-santa\/","title":{"rendered":"Segunda-feira Santa"},"content":{"rendered":"<p><a href=\"http:\/\/blog.cancaonova.com\/paisecatequistas\/files\/2016\/03\/segunda-feira.jpg\"><img loading=\"lazy\" decoding=\"async\" class=\"aligncenter size-full wp-image-7642\" src=\"http:\/\/blog.cancaonova.com\/paisecatequistas\/files\/2016\/03\/segunda-feira.jpg\" alt=\"segunda-feira\" width=\"800\" height=\"600\" srcset=\"https:\/\/blog.cancaonova.com\/paisecatequistas\/files\/2016\/03\/segunda-feira.jpg 800w, https:\/\/blog.cancaonova.com\/paisecatequistas\/files\/2016\/03\/segunda-feira-300x225.jpg 300w\" sizes=\"(max-width: 800px) 100vw, 800px\" \/><\/a><\/p>\n<div style=\"text-align: justify\"><\/div>\n<div style=\"text-align: justify\">Iniciamos no ultimo domingo, com a Prociss\u00e3o de Ramos a Semana Santa, que nada mais \u00e9 a \u201cGrande Semana\u201d, onde nos preparamos para celebrar o mist\u00e9rio Pascal, paix\u00e3o, morte e ressurrei\u00e7\u00e3o de Jesus.<\/div>\n<div style=\"text-align: justify\"><\/div>\n<div><\/div>\n<ul>\n<li style=\"text-align: justify\"><b>Quinta-feira Santa <\/b>\u2013 Neste dia celebra-se a missa dos Santos \u00f3leos, e a missa da ceia do Senhor, onde se realiza tamb\u00e9m o rito do lava-p\u00e9s, relembrando o gesto que Jesus fez com os seus disc\u00edpulos. Este rito ajuda a compreender a import\u00e2ncia do mandamento do amor para os crist\u00e3os.<\/li>\n<li style=\"text-align: justify\"><b>Sexta-feira Santa <\/b>\u2013 celebra-se neste dia a morte vitoriosa de Jesus Cristo sobre a morte, e n\u00e3o se celebra a Eucaristia neste dia. O rito da celebra\u00e7\u00e3o da Paix\u00e3o do Senhor \u00e9 composto de tr\u00eas partes: a liturgia da Palavra, a adora\u00e7\u00e3o da Cruz e a comunh\u00e3o eucar\u00edstica.<\/li>\n<li style=\"text-align: justify\"><b>S\u00e1bado Santo<\/b> &#8211; Nesse dia, venera-se o repouso de Jesus no sepulcro, e onde se realiza tamb\u00e9m a Vig\u00edlia Pascal, que nada mais \u00e9 uma noite de vig\u00edlia em honra do Senhor (cf. Ex 12, 42).<\/li>\n<li style=\"text-align: justify\"><b>Domingo de P\u00e1scoa<\/b> &#8211; \u00a0A liturgia deste dia celebra o acontecimento pascal como dia de Cristo, o Senhor. A liturgia da Palavra cont\u00e9m o querigma pascal e a recorda\u00e7\u00e3o dos compromissos da vida nova em Jesus ressuscitado, que acentuam o valor da celebra\u00e7\u00e3o da P\u00e1scoa, que faz o fiel entrar, por sua participa\u00e7\u00e3o, na condi\u00e7\u00e3o de vida nova em Cristo.<\/li>\n<\/ul>\n<p>&nbsp;<\/p>\n<p style=\"text-align: right\">Uma Boa Semana Santa a todos!<\/p>\n<p>&nbsp;<\/p>\n","protected":false},"excerpt":{"rendered":"<p>Iniciamos no ultimo domingo, com a Prociss\u00e3o de Ramos a Semana Santa, que nada mais \u00e9 a \u201cGrande Semana\u201d, onde nos preparamos para celebrar o mist\u00e9rio Pascal, paix\u00e3o, morte e ressurrei\u00e7\u00e3o de Jesus. Quinta-feira Santa \u2013 Neste dia celebra-se a&#8230;<\/p>\n","protected":false},"author":4340,"featured_media":0,"comment_status":"open","ping_status":"open","sticky":false,"template":"","format":"standard","meta":{"_mi_skip_tracking":false,"_monsterinsights_sitenote_active":false,"_monsterinsights_sitenote_note":"","_monsterinsights_sitenote_category":0,"footnotes":""},"categories":[23],"tags":[],"_links":{"self":[{"href":"https:\/\/blog.cancaonova.com\/paisecatequistas\/wp-json\/wp\/v2\/posts\/7641"}],"collection":[{"href":"https:\/\/blog.cancaonova.com\/paisecatequistas\/wp-json\/wp\/v2\/posts"}],"about":[{"href":"https:\/\/blog.cancaonova.com\/paisecatequistas\/wp-json\/wp\/v2\/types\/post"}],"author":[{"embeddable":true,"href":"https:\/\/blog.cancaonova.com\/paisecatequistas\/wp-json\/wp\/v2\/users\/4340"}],"replies":[{"embeddable":true,"href":"https:\/\/blog.cancaonova.com\/paisecatequistas\/wp-json\/wp\/v2\/comments?post=7641"}],"version-history":[{"count":2,"href":"https:\/\/blog.cancaonova.com\/paisecatequistas\/wp-json\/wp\/v2\/posts\/7641\/revisions"}],"predecessor-version":[{"id":7644,"href":"https:\/\/blog.cancaonova.com\/paisecatequistas\/wp-json\/wp\/v2\/posts\/7641\/revisions\/7644"}],"wp:attachment":[{"href":"https:\/\/blog.cancaonova.com\/paisecatequistas\/wp-json\/wp\/v2\/media?parent=7641"}],"wp:term":[{"taxonomy":"category","embeddable":true,"href":"https:\/\/blog.cancaonova.com\/paisecatequistas\/wp-json\/wp\/v2\/categories?post=7641"},{"taxonomy":"post_tag","embeddable":true,"href":"https:\/\/blog.cancaonova.com\/paisecatequistas\/wp-json\/wp\/v2\/tags?post=7641"}],"curies":[{"name":"wp","href":"https:\/\/api.w.org\/{rel}","templated":true}]}}