{"id":7795,"date":"2024-05-01T08:00:01","date_gmt":"2024-05-01T10:00:01","guid":{"rendered":"http:\/\/blog.cancaonova.com\/paisecatequistas\/?p=7795"},"modified":"2024-04-25T14:44:21","modified_gmt":"2024-04-25T16:44:21","slug":"sao-jose","status":"publish","type":"post","link":"https:\/\/blog.cancaonova.com\/paisecatequistas\/sao-jose\/","title":{"rendered":"S\u00e3o Jos\u00e9 Oper\u00e1rio, patrono dos trabalhadores"},"content":{"rendered":"<h4 style=\"text-align: justify\"><span style=\"color: #000000\"><strong>S\u00e3o Jos\u00e9 Oper\u00e1rio<\/strong><\/span><\/h4>\n<div style=\"text-align: justify\">1\u00ba de Maio, data em que celebramos o Dia do Trabalhador, a Igreja celebra a festa do grande oper\u00e1rio S\u00e3o Jos\u00e9.<\/div>\n<p style=\"text-align: justify\">S\u00e3o Jos\u00e9 foi escolhido para uma linda miss\u00e3o: educar o filho de Deus. Coube a ele ensinar a Jesus o of\u00edcio de carpinteiro e tamb\u00e9m os of\u00edcios religiosos daquela \u00e9poca.\u00a0S\u00e3o Jos\u00e9 \u00e9 um grande exemplo de Pai, esposo e oper\u00e1rio. Assim, temos a oportunidade de seguir seu grande exemplo e aprender com suas virtudes: viver na castidade, ser justo, fiel e santo.<\/p>\n<ul>\n<li>livro para download: <a href=\"http:\/\/blog.cancaonova.com\/paisecatequistas\/2023\/05\/01\/livro-das-virtudes-de-sao-jose-para-colorir\/\">As virtudes de S\u00e3o Jos\u00e9 para colorir<\/a><\/li>\n<\/ul>\n<h4>S\u00e3o Jos\u00e9, o Protetor das Fam\u00edlias<\/h4>\n<p>S\u00e3o Jos\u00e9 ensinou a Jesus a dignidade do trabalho feito com amor e honestidade. Com seu trabalho, sustentou a Sagrada Fam\u00edlia.<\/p>\n<p>Vamos juntos rezar assim a S\u00e3o Jos\u00e9 por todos os trabalhadores:<\/p>\n<h4 style=\"text-align: center\"><strong>S\u00e3o Jos\u00e9 Oper\u00e1rio, &#8220;Patrono dos trabalhadores&#8221;<\/strong><\/h4>\n<p style=\"text-align: center\"><em>Que vivestes do trabalho de vossas m\u00e3os, provendo com dignidade e exemplo o sustento da Sagrada Fam\u00edlia, conceda-me a gra\u00e7a, atrav\u00e9s de Deus, de ter sempre uma boa conviv\u00eancia no meu ambiente de trabalho. <\/em><\/p>\n<p style=\"text-align: center\"><em>Ajuda-me a ser humilde e a colocar-me \u00e0 servi\u00e7o do outro, exercendo com honestidade a fun\u00e7\u00e3o que me for designada.<\/em><\/p>\n<div class=\"pagina\">\n<div class=\"util\">\n<div class=\"conteudo\">\n<div style=\"text-align: center\"><em>Fa\u00e7a-me compreender quanto amor e dedica\u00e7\u00e3o devo depositar nas tarefas que realizo, por mais simples que elas sejam.<\/em><\/div>\n<div style=\"text-align: center\"><\/div>\n<div style=\"text-align: center\"><em>\u00d3 bem-aventurado S\u00e3o Jos\u00e9, pai adotivo de Jesus Cristo, que eu n\u00e3o seja prejudicado por ningu\u00e9m. <\/em><\/div>\n<div style=\"text-align: center\"><em>Ensina-me tamb\u00e9m a n\u00e3o prejudicar o outro e a promover a <\/em><\/div>\n<div style=\"text-align: center\"><em>conc\u00f3rdia, a caridade, a paci\u00eancia, a humildade, o respeito, a toler\u00e2ncia e o amor fraterno junto a todos que trabalharem comigo.<\/em><\/div>\n<div style=\"text-align: center\"><\/div>\n<div style=\"text-align: center\"><em>Proteja-me da corrup\u00e7\u00e3o, da inveja, da gan\u00e2ncia, da maledic\u00eancia, da ambi\u00e7\u00e3o, da cobi\u00e7a, do cinismo e de todos os males que me cercam.<\/em><\/div>\n<div style=\"text-align: center\"><em> Tu, que fostes homem virtuoso, de beleza incompar\u00e1vel a Deus,<\/em><\/div>\n<div style=\"text-align: center\"><em> rogue por mim junto a Nosso Senhor, para que eu exer\u00e7a com sabedoria, discernimento e profissionalismo tudo o que me for confiado.<\/em><\/div>\n<div style=\"text-align: center\"><\/div>\n<div style=\"text-align: center\"><em>\u00d3 S\u00e3o Jos\u00e9,\u00a0 semeai, no meu cora\u00e7\u00e3o, virtudes semelhantes \u00e0s que tivestes, para que eu possa irradiar onde quer que eu esteja.<\/em><\/div>\n<div style=\"text-align: center\"><\/div>\n<div style=\"text-align: center\"><em>S\u00e3o Jos\u00e9 oper\u00e1rio,\u00a0intercede a Deus por mim e <\/em><\/div>\n<div style=\"text-align: center\"><em>conduza-me pelo caminho que conduz ao C\u00e9u!<\/em><\/div>\n<div style=\"text-align: center\"><em>Am\u00e9m!\u00a0<\/em><\/div>\n<div><a href=\"http:\/\/blog.cancaonova.com\/paisecatequistas\/files\/2016\/05\/01-05-S\u00e3o-Jos\u00e9-Oper\u00e1rio.jpg\"><img loading=\"lazy\" decoding=\"async\" class=\"alignright size-full wp-image-17274\" src=\"http:\/\/blog.cancaonova.com\/paisecatequistas\/files\/2016\/05\/01-05-S\u00e3o-Jos\u00e9-Oper\u00e1rio.jpg\" alt=\"\" width=\"1080\" height=\"1080\" srcset=\"https:\/\/blog.cancaonova.com\/paisecatequistas\/files\/2016\/05\/01-05-S\u00e3o-Jos\u00e9-Oper\u00e1rio.jpg 1080w, https:\/\/blog.cancaonova.com\/paisecatequistas\/files\/2016\/05\/01-05-S\u00e3o-Jos\u00e9-Oper\u00e1rio-150x150.jpg 150w, https:\/\/blog.cancaonova.com\/paisecatequistas\/files\/2016\/05\/01-05-S\u00e3o-Jos\u00e9-Oper\u00e1rio-300x300.jpg 300w, https:\/\/blog.cancaonova.com\/paisecatequistas\/files\/2016\/05\/01-05-S\u00e3o-Jos\u00e9-Oper\u00e1rio-768x768.jpg 768w\" sizes=\"(max-width: 1080px) 100vw, 1080px\" \/><\/a><\/div>\n<\/div>\n<\/div>\n<\/div>\n<p>&nbsp;<\/p>\n<div style=\"text-align: justify\">\u00a0Vamos colorir?<\/div>\n<div><a href=\"https:\/\/blog.cancaonova.com\/paisecatequistas\/files\/2024\/04\/s%C3%A3o-jose.pdf\"><img loading=\"lazy\" decoding=\"async\" class=\"size-full wp-image-17272 alignnone\" src=\"http:\/\/blog.cancaonova.com\/paisecatequistas\/files\/2016\/05\/19_03-para-colorir.png\" alt=\"\" width=\"1200\" height=\"1200\" srcset=\"https:\/\/blog.cancaonova.com\/paisecatequistas\/files\/2016\/05\/19_03-para-colorir.png 1200w, https:\/\/blog.cancaonova.com\/paisecatequistas\/files\/2016\/05\/19_03-para-colorir-150x150.png 150w, https:\/\/blog.cancaonova.com\/paisecatequistas\/files\/2016\/05\/19_03-para-colorir-300x300.png 300w, https:\/\/blog.cancaonova.com\/paisecatequistas\/files\/2016\/05\/19_03-para-colorir-768x768.png 768w\" sizes=\"(max-width: 1200px) 100vw, 1200px\" \/><\/a> <a href=\"http:\/\/blog.cancaonova.com\/paisecatequistas\/files\/2016\/05\/03-S\u00e3o-Jos\u00e9.jpg\"><img loading=\"lazy\" decoding=\"async\" class=\"size-full wp-image-17273 alignnone\" src=\"http:\/\/blog.cancaonova.com\/paisecatequistas\/files\/2016\/05\/03-S\u00e3o-Jos\u00e9.jpg\" alt=\"\" width=\"2480\" height=\"3189\" srcset=\"https:\/\/blog.cancaonova.com\/paisecatequistas\/files\/2016\/05\/03-S\u00e3o-Jos\u00e9.jpg 2480w, https:\/\/blog.cancaonova.com\/paisecatequistas\/files\/2016\/05\/03-S\u00e3o-Jos\u00e9-233x300.jpg 233w, https:\/\/blog.cancaonova.com\/paisecatequistas\/files\/2016\/05\/03-S\u00e3o-Jos\u00e9-768x988.jpg 768w\" sizes=\"(max-width: 2480px) 100vw, 2480px\" \/><\/a><\/div>\n<div style=\"text-align: justify\"><\/div>\n","protected":false},"excerpt":{"rendered":"<p>S\u00e3o Jos\u00e9 Oper\u00e1rio<br \/>\nDia 1\u00ba de Maio, no dia em que celebramos o dia do trabalhador,\u00a0e a igreja celebra a festa do grande oper\u00e1rio S\u00e3o Jos\u00e9. <a href=\"https:\/\/blog.cancaonova.com\/paisecatequistas\/sao-jose\/\">Continue lendo <span class=\"meta-nav\">&rarr;<\/span><\/a><\/p>\n","protected":false},"author":4340,"featured_media":17271,"comment_status":"open","ping_status":"open","sticky":false,"template":"","format":"standard","meta":{"_mi_skip_tracking":false,"_monsterinsights_sitenote_active":false,"_monsterinsights_sitenote_note":"","_monsterinsights_sitenote_category":0,"footnotes":""},"categories":[200710],"tags":[44320,18310,40,30643,19413,192567,99990,18352,11511,289640],"_links":{"self":[{"href":"https:\/\/blog.cancaonova.com\/paisecatequistas\/wp-json\/wp\/v2\/posts\/7795"}],"collection":[{"href":"https:\/\/blog.cancaonova.com\/paisecatequistas\/wp-json\/wp\/v2\/posts"}],"about":[{"href":"https:\/\/blog.cancaonova.com\/paisecatequistas\/wp-json\/wp\/v2\/types\/post"}],"author":[{"embeddable":true,"href":"https:\/\/blog.cancaonova.com\/paisecatequistas\/wp-json\/wp\/v2\/users\/4340"}],"replies":[{"embeddable":true,"href":"https:\/\/blog.cancaonova.com\/paisecatequistas\/wp-json\/wp\/v2\/comments?post=7795"}],"version-history":[{"count":8,"href":"https:\/\/blog.cancaonova.com\/paisecatequistas\/wp-json\/wp\/v2\/posts\/7795\/revisions"}],"predecessor-version":[{"id":17288,"href":"https:\/\/blog.cancaonova.com\/paisecatequistas\/wp-json\/wp\/v2\/posts\/7795\/revisions\/17288"}],"wp:featuredmedia":[{"embeddable":true,"href":"https:\/\/blog.cancaonova.com\/paisecatequistas\/wp-json\/wp\/v2\/media\/17271"}],"wp:attachment":[{"href":"https:\/\/blog.cancaonova.com\/paisecatequistas\/wp-json\/wp\/v2\/media?parent=7795"}],"wp:term":[{"taxonomy":"category","embeddable":true,"href":"https:\/\/blog.cancaonova.com\/paisecatequistas\/wp-json\/wp\/v2\/categories?post=7795"},{"taxonomy":"post_tag","embeddable":true,"href":"https:\/\/blog.cancaonova.com\/paisecatequistas\/wp-json\/wp\/v2\/tags?post=7795"}],"curies":[{"name":"wp","href":"https:\/\/api.w.org\/{rel}","templated":true}]}}