{"id":8022,"date":"2023-07-05T08:00:56","date_gmt":"2023-07-05T10:00:56","guid":{"rendered":"http:\/\/blog.cancaonova.com\/paisecatequistas\/?p=8022"},"modified":"2023-07-05T12:01:23","modified_gmt":"2023-07-05T14:01:23","slug":"santa-maria-goreti","status":"publish","type":"post","link":"https:\/\/blog.cancaonova.com\/paisecatequistas\/santa-maria-goreti\/","title":{"rendered":"Santa Maria Goretti, pequena e doce m\u00e1rtir da pureza"},"content":{"rendered":"<p>A festa de Santa Maria Goretti \u00e9 celebrada no dia 6 de julho. Ela \u00e9 tida como a Santa da Castidade, da juventude, da pobreza, das v\u00edtimas de estupro, da pureza de cora\u00e7\u00e3o e do perd\u00e3o. Ela \u00e9 representada carregando l\u00edrios \u2013 sinal de pureza \u2013 e com vestes brancas \u2013 sinal de sua virgindade.<\/p>\n<p>Vamos conhecer um pouco mais sobre esta linda menina com a Tia Adelita<\/p>\n<p><iframe loading=\"lazy\" title=\"Santa Maria Gorete\" width=\"600\" height=\"338\" src=\"https:\/\/www.youtube.com\/embed\/WNHihy2y_tM?feature=oembed&amp;rel=0\" frameborder=\"0\" allow=\"accelerometer; autoplay; clipboard-write; encrypted-media; gyroscope; picture-in-picture; web-share\" referrerpolicy=\"strict-origin-when-cross-origin\" allowfullscreen><\/iframe><\/p>\n<p>&nbsp;<\/p>\n<p><a href=\"http:\/\/blog.cancaonova.com\/paisecatequistas\/files\/2016\/07\/Ora\u00e7\u00e3o-\u00e0-Santa-Maria-Goretti-.jpg\"><\/a><a href=\"http:\/\/blog.cancaonova.com\/paisecatequistas\/files\/2023\/07\/santa-gorete-ora\u00e7\u00e3o.jpg\"><img loading=\"lazy\" decoding=\"async\" class=\"size-full wp-image-14488 alignnone\" src=\"http:\/\/blog.cancaonova.com\/paisecatequistas\/files\/2023\/07\/santa-gorete-ora\u00e7\u00e3o.jpg\" alt=\"\" width=\"900\" height=\"600\" srcset=\"https:\/\/blog.cancaonova.com\/paisecatequistas\/files\/2023\/07\/santa-gorete-ora\u00e7\u00e3o.jpg 900w, https:\/\/blog.cancaonova.com\/paisecatequistas\/files\/2023\/07\/santa-gorete-ora\u00e7\u00e3o-300x200.jpg 300w, https:\/\/blog.cancaonova.com\/paisecatequistas\/files\/2023\/07\/santa-gorete-ora\u00e7\u00e3o-768x512.jpg 768w\" sizes=\"(max-width: 900px) 100vw, 900px\" \/><\/a><\/p>\n<p style=\"text-align: justify\"><strong>Vamos Colorir!<\/strong><\/p>\n<p style=\"text-align: justify\"><a href=\"http:\/\/blog.cancaonova.com\/paisecatequistas\/files\/2016\/07\/Maria-Goreti.jpg\"><img loading=\"lazy\" decoding=\"async\" class=\"wp-image-8025 alignnone\" src=\"http:\/\/blog.cancaonova.com\/paisecatequistas\/files\/2016\/07\/Maria-Goreti.jpg\" alt=\"Maria Goreti\" width=\"850\" height=\"1050\" srcset=\"https:\/\/blog.cancaonova.com\/paisecatequistas\/files\/2016\/07\/Maria-Goreti.jpg 2112w, https:\/\/blog.cancaonova.com\/paisecatequistas\/files\/2016\/07\/Maria-Goreti-243x300.jpg 243w, https:\/\/blog.cancaonova.com\/paisecatequistas\/files\/2016\/07\/Maria-Goreti-768x949.jpg 768w\" sizes=\"(max-width: 850px) 100vw, 850px\" \/><\/a><\/p>\n","protected":false},"excerpt":{"rendered":"<p>A festa de Santa Maria Goretti \u00e9 celebrada no dia 6 de julho. Ela \u00e9 tida como a Santa da Castidade, da juventude, da pobreza, das v\u00edtimas de estupro, da pureza de cora\u00e7\u00e3o e do perd\u00e3o. Ela \u00e9 representada carregando&#8230;<\/p>\n","protected":false},"author":4340,"featured_media":12120,"comment_status":"open","ping_status":"open","sticky":false,"template":"","format":"standard","meta":{"_mi_skip_tracking":false,"_monsterinsights_sitenote_active":false,"_monsterinsights_sitenote_note":"","_monsterinsights_sitenote_category":0,"footnotes":""},"categories":[271,1],"tags":[10471,15161,131242,23254,23866,16825,17350,791],"_links":{"self":[{"href":"https:\/\/blog.cancaonova.com\/paisecatequistas\/wp-json\/wp\/v2\/posts\/8022"}],"collection":[{"href":"https:\/\/blog.cancaonova.com\/paisecatequistas\/wp-json\/wp\/v2\/posts"}],"about":[{"href":"https:\/\/blog.cancaonova.com\/paisecatequistas\/wp-json\/wp\/v2\/types\/post"}],"author":[{"embeddable":true,"href":"https:\/\/blog.cancaonova.com\/paisecatequistas\/wp-json\/wp\/v2\/users\/4340"}],"replies":[{"embeddable":true,"href":"https:\/\/blog.cancaonova.com\/paisecatequistas\/wp-json\/wp\/v2\/comments?post=8022"}],"version-history":[{"count":12,"href":"https:\/\/blog.cancaonova.com\/paisecatequistas\/wp-json\/wp\/v2\/posts\/8022\/revisions"}],"predecessor-version":[{"id":12119,"href":"https:\/\/blog.cancaonova.com\/paisecatequistas\/wp-json\/wp\/v2\/posts\/8022\/revisions\/12119"}],"wp:featuredmedia":[{"embeddable":true,"href":"https:\/\/blog.cancaonova.com\/paisecatequistas\/wp-json\/wp\/v2\/media\/12120"}],"wp:attachment":[{"href":"https:\/\/blog.cancaonova.com\/paisecatequistas\/wp-json\/wp\/v2\/media?parent=8022"}],"wp:term":[{"taxonomy":"category","embeddable":true,"href":"https:\/\/blog.cancaonova.com\/paisecatequistas\/wp-json\/wp\/v2\/categories?post=8022"},{"taxonomy":"post_tag","embeddable":true,"href":"https:\/\/blog.cancaonova.com\/paisecatequistas\/wp-json\/wp\/v2\/tags?post=8022"}],"curies":[{"name":"wp","href":"https:\/\/api.w.org\/{rel}","templated":true}]}}