{"id":8088,"date":"2023-08-18T00:00:22","date_gmt":"2023-08-18T02:00:22","guid":{"rendered":"http:\/\/blog.cancaonova.com\/paisecatequistas\/?p=8088"},"modified":"2025-07-30T15:08:16","modified_gmt":"2025-07-30T17:08:16","slug":"solenidade-da-assuncao-de-nossa-senhora","status":"publish","type":"post","link":"https:\/\/blog.cancaonova.com\/paisecatequistas\/solenidade-da-assuncao-de-nossa-senhora\/","title":{"rendered":"Solenidade da Assun\u00e7\u00e3o de Nossa Senhora"},"content":{"rendered":"<p style=\"text-align: justify\">\u201c<strong>Assunta<\/strong>\u201d quer dizer: levada por algu\u00e9m. No caso de Nossa Senhora, levada pelos anjos para o C\u00e9u. Mas como a gente sabe que Nossa Senhora foi levada pelos anjos para o C\u00e9u? E como a gente sabe que ela n\u00e3o foi s\u00f3 de alma, como todo mundo, mas foi de corpo e alma como seu Filho Jesus?<\/p>\n<p><a href=\"http:\/\/blog.cancaonova.com\/paisecatequistas\/files\/2016\/08\/Assun\u00e7\u00e3o-de-Nossa-Senhora.jpg\"><img loading=\"lazy\" decoding=\"async\" class=\" wp-image-12341 alignnone\" src=\"http:\/\/blog.cancaonova.com\/paisecatequistas\/files\/2016\/08\/Assun\u00e7\u00e3o-de-Nossa-Senhora.jpg\" alt=\"\" width=\"857\" height=\"857\" srcset=\"https:\/\/blog.cancaonova.com\/paisecatequistas\/files\/2016\/08\/Assun\u00e7\u00e3o-de-Nossa-Senhora.jpg 3000w, https:\/\/blog.cancaonova.com\/paisecatequistas\/files\/2016\/08\/Assun\u00e7\u00e3o-de-Nossa-Senhora-150x150.jpg 150w, https:\/\/blog.cancaonova.com\/paisecatequistas\/files\/2016\/08\/Assun\u00e7\u00e3o-de-Nossa-Senhora-300x300.jpg 300w, https:\/\/blog.cancaonova.com\/paisecatequistas\/files\/2016\/08\/Assun\u00e7\u00e3o-de-Nossa-Senhora-768x768.jpg 768w\" sizes=\"(max-width: 857px) 100vw, 857px\" \/><\/a><\/p>\n<h3><strong>S\u00e3o Tom\u00e9 e o Santo Cinto de Nossa Senhora<\/strong><\/h3>\n<p style=\"text-align: justify\">Essa hist\u00f3ria vem da <strong>tradi\u00e7\u00e3o da Igreja<\/strong>. S\u00e3o hist\u00f3rias contadas desde os tempos dos ap\u00f3stolos, mas que n\u00e3o est\u00e3o na B\u00edblia.<\/p>\n<p style=\"text-align: justify\">S\u00e3o Tom\u00e9 encontrava-se numa viagem mission\u00e1ria quando recebeu um recado de S\u00e3o Pedro: <em><strong>\u201cVolte r\u00e1pido a Jerusal\u00e9m, pois Maria, a m\u00e3e do Senhor, est\u00e1 morrendo e deseja despedir-se de todos\u201d<\/strong>.<\/em><\/p>\n<p style=\"text-align: justify\">Tom\u00e9 chegou tarde demais, e os ap\u00f3stolos contaram a ele que Maria havia morrido. S\u00e3o Tom\u00e9 pediu a S\u00e3o Pedro que abrisse o sepulcro para poder prestar suas \u00faltimas homenagens a M\u00e3e querida de Jesus. Atendido o seu pedido, constatou que o t\u00famulo estava vazio, e no local encontravam-se apenas muitos l\u00edrios e rosas.<\/p>\n<p style=\"text-align: justify\">Nesse mesmo momento, ao levantar os olhos para o c\u00e9u, Tom\u00e9 viu a assun\u00e7\u00e3o de Nossa Senhora: ela sorrindo, levada por muitos anjos. Maria desatou da cintura um cord\u00e3o e o lan\u00e7ou para Tom\u00e9\u2026 E por qu\u00ea? Para que os ap\u00f3stolos se dessem conta de que ela n\u00e3o estava indo para o C\u00e9u s\u00f3 com sua alma, mas tamb\u00e9m com o seu corpo.<\/p>\n<p style=\"text-align: justify\">Tia Adelita<\/p>\n<p style=\"text-align: justify\">\n","protected":false},"excerpt":{"rendered":"<p>\u201cAssunta\u201d quer dizer: levada por algu\u00e9m. No caso de Nossa Senhora, levada pelos anjos para o C\u00e9u. Mas como a gente sabe que Nossa Senhora foi levada pelos anjos para o C\u00e9u? E como a gente sabe que ela n\u00e3o foi s\u00f3 de alma, como todo mundo, mas foi de corpo e alma como seu Filho Jesus? <a href=\"https:\/\/blog.cancaonova.com\/paisecatequistas\/solenidade-da-assuncao-de-nossa-senhora\/\">Continue lendo <span class=\"meta-nav\">&rarr;<\/span><\/a><\/p>\n","protected":false},"author":4340,"featured_media":15081,"comment_status":"closed","ping_status":"closed","sticky":false,"template":"","format":"standard","meta":{"_mi_skip_tracking":false,"_monsterinsights_sitenote_active":false,"_monsterinsights_sitenote_note":"","_monsterinsights_sitenote_category":0,"footnotes":""},"categories":[15521],"tags":[15774,16611,289690,5011,16619,16445,8001,221,18235],"_links":{"self":[{"href":"https:\/\/blog.cancaonova.com\/paisecatequistas\/wp-json\/wp\/v2\/posts\/8088"}],"collection":[{"href":"https:\/\/blog.cancaonova.com\/paisecatequistas\/wp-json\/wp\/v2\/posts"}],"about":[{"href":"https:\/\/blog.cancaonova.com\/paisecatequistas\/wp-json\/wp\/v2\/types\/post"}],"author":[{"embeddable":true,"href":"https:\/\/blog.cancaonova.com\/paisecatequistas\/wp-json\/wp\/v2\/users\/4340"}],"replies":[{"embeddable":true,"href":"https:\/\/blog.cancaonova.com\/paisecatequistas\/wp-json\/wp\/v2\/comments?post=8088"}],"version-history":[{"count":11,"href":"https:\/\/blog.cancaonova.com\/paisecatequistas\/wp-json\/wp\/v2\/posts\/8088\/revisions"}],"predecessor-version":[{"id":19284,"href":"https:\/\/blog.cancaonova.com\/paisecatequistas\/wp-json\/wp\/v2\/posts\/8088\/revisions\/19284"}],"wp:featuredmedia":[{"embeddable":true,"href":"https:\/\/blog.cancaonova.com\/paisecatequistas\/wp-json\/wp\/v2\/media\/15081"}],"wp:attachment":[{"href":"https:\/\/blog.cancaonova.com\/paisecatequistas\/wp-json\/wp\/v2\/media?parent=8088"}],"wp:term":[{"taxonomy":"category","embeddable":true,"href":"https:\/\/blog.cancaonova.com\/paisecatequistas\/wp-json\/wp\/v2\/categories?post=8088"},{"taxonomy":"post_tag","embeddable":true,"href":"https:\/\/blog.cancaonova.com\/paisecatequistas\/wp-json\/wp\/v2\/tags?post=8088"}],"curies":[{"name":"wp","href":"https:\/\/api.w.org\/{rel}","templated":true}]}}