{"id":8167,"date":"2023-10-03T00:00:35","date_gmt":"2023-10-03T02:00:35","guid":{"rendered":"http:\/\/blog.cancaonova.com\/paisecatequistas\/?p=8167"},"modified":"2024-10-04T12:12:44","modified_gmt":"2024-10-04T14:12:44","slug":"sao-francisco-de-assis-2","status":"publish","type":"post","link":"https:\/\/blog.cancaonova.com\/paisecatequistas\/sao-francisco-de-assis-2\/","title":{"rendered":"S\u00e3o Francisco de Assis, rogai por n\u00f3s"},"content":{"rendered":"<p><strong>Em 4 de outubro, comemoramos dia de S\u00e3o Francisco de Assis<br \/>\n<\/strong><\/p>\n<p><span style=\"color: #000000\">Um dos santos mais queridos de nossa Igreja nos ensinou com sua vida que a maior riqueza que podemos ter \u00e9 Deus. S\u00e3o Francisco deixou todos os seus bens para se dedicar a Deus nos pobres.<\/span><\/p>\n<p>Vamos rezar juntos essa ora\u00e7\u00e3o neste dia?<\/p>\n<div>\u00a0<b>Ora\u00e7\u00e3o de S\u00e3o Francisco de Assis<a href=\"http:\/\/blog.cancaonova.com\/paisecatequistas\/files\/2016\/10\/sao_francisco.png\"><img loading=\"lazy\" decoding=\"async\" class=\" wp-image-12601 alignright\" src=\"http:\/\/blog.cancaonova.com\/paisecatequistas\/files\/2016\/10\/sao_francisco.png\" alt=\"\" width=\"435\" height=\"592\" srcset=\"https:\/\/blog.cancaonova.com\/paisecatequistas\/files\/2016\/10\/sao_francisco.png 768w, https:\/\/blog.cancaonova.com\/paisecatequistas\/files\/2016\/10\/sao_francisco-220x300.png 220w\" sizes=\"(max-width: 435px) 100vw, 435px\" \/><\/a><\/b><\/div>\n<p>Senhor, fazei-me instrumento de vossa paz.<br \/>\nOnde houver \u00f3dio, que eu leve o amor;<br \/>\nOnde houver ofensa, que eu leve o perd\u00e3o;<br \/>\nOnde houver disc\u00f3rdia, que eu leve a uni\u00e3o;<br \/>\nOnde houver d\u00favida, que eu leve a f\u00e9;<br \/>\nOnde houver erro, que eu leve a verdade;<br \/>\nOnde houver desespero, que eu leve a esperan\u00e7a;<br \/>\nOnde houver tristeza, que eu leve a alegria;<br \/>\nOnde houver trevas, que eu leve a luz.<br \/>\n\u00d3 Mestre, Fazei que eu procure mais<br \/>\nconsolar, que ser consolado;<br \/>\ncompreender, que ser compreendido;<br \/>\namar, que ser amado.<br \/>\nPois \u00e9 dando que se recebe,<br \/>\n\u00e9 perdoando que se \u00e9 perdoado,<br \/>\ne \u00e9 morrendo que se vive para a vida eterna.<\/p>\n<h3>ATIVIDADE<\/h3>\n<p style=\"text-align: justify\"><span class=\"notranslate\"><strong>Criar uma Igreja:<\/strong> Diz-se que, quando S\u00e3o Francisco ouviu, pela primeira vez, o chamado para a vida religiosa, ele tomou este comando, literalmente, pensando que era para reconstruir a igreja de S\u00e3o Dami\u00e3o, em Assis: &#8220;Reconstruir a minha igreja&#8221;. <\/span><span class=\"notranslate\">Assim, ele come\u00e7ou a faz\u00ea-lo, pedra por pedra.<\/span><br \/>\n<span class=\"notranslate\"><br \/>\nEm honra \u00e0 obedi\u00eancia e ao trabalho duro deste santo, re\u00fana quantas pedras voc\u00ea puder encontrar e, em seguida, construa a sua pr\u00f3pria mini-igreja.<\/span> <span class=\"notranslate\">Seja criativo, u<\/span><span class=\"notranslate\">se galhos para fazer uma cruz para decor\u00e1-la.<\/span><\/p>\n<p>Voc\u00ea conhece a m\u00fasica <strong><em>&#8220;Tema de Clara e Francisco&#8221;<\/em><\/strong> do CD Cantinho da Crian\u00e7a 2?<\/p>\n<p><iframe loading=\"lazy\" title=\"CD Cantinho Da Crianc\u00cc\u00a7a 2 - Clara e Francisco\" width=\"600\" height=\"450\" src=\"https:\/\/www.youtube.com\/embed\/eq0AM26NY1w?feature=oembed&amp;rel=0\" frameborder=\"0\" allow=\"accelerometer; autoplay; clipboard-write; encrypted-media; gyroscope; picture-in-picture; web-share\" referrerpolicy=\"strict-origin-when-cross-origin\" allowfullscreen><\/iframe><\/p>\n<p>&nbsp;<\/p>\n<h3 style=\"text-align: justify\">VAMOS COLORIR<\/h3>\n<p><a href=\"http:\/\/blog.cancaonova.com\/paisecatequistas\/files\/2023\/10\/07-S\u00e3o-Francisco-de-Assis.jpg\"><img loading=\"lazy\" decoding=\"async\" class=\" wp-image-15652 alignnone\" src=\"http:\/\/blog.cancaonova.com\/paisecatequistas\/files\/2023\/10\/07-S\u00e3o-Francisco-de-Assis.jpg\" alt=\"\" width=\"971\" height=\"715\" srcset=\"https:\/\/blog.cancaonova.com\/paisecatequistas\/files\/2023\/10\/07-S\u00e3o-Francisco-de-Assis.jpg 3366w, https:\/\/blog.cancaonova.com\/paisecatequistas\/files\/2023\/10\/07-S\u00e3o-Francisco-de-Assis-300x221.jpg 300w, https:\/\/blog.cancaonova.com\/paisecatequistas\/files\/2023\/10\/07-S\u00e3o-Francisco-de-Assis-768x566.jpg 768w\" sizes=\"(max-width: 971px) 100vw, 971px\" \/><\/a><\/p>\n<p><a href=\"http:\/\/blog.cancaonova.com\/paisecatequistas\/files\/2023\/10\/francisco.jpg\"><img loading=\"lazy\" decoding=\"async\" class=\"size-full wp-image-17946 alignnone\" src=\"http:\/\/blog.cancaonova.com\/paisecatequistas\/files\/2023\/10\/francisco.jpg\" alt=\"\" width=\"957\" height=\"737\" srcset=\"https:\/\/blog.cancaonova.com\/paisecatequistas\/files\/2023\/10\/francisco.jpg 957w, https:\/\/blog.cancaonova.com\/paisecatequistas\/files\/2023\/10\/francisco-300x231.jpg 300w, https:\/\/blog.cancaonova.com\/paisecatequistas\/files\/2023\/10\/francisco-768x591.jpg 768w\" sizes=\"(max-width: 957px) 100vw, 957px\" \/><\/a><\/p>\n<p style=\"text-align: justify\">\n","protected":false},"excerpt":{"rendered":"<p>Em 4 de outubro, comemoramos dia de S\u00e3o Francisco de Assis Um dos santos mais queridos de nossa Igreja nos ensinou com sua vida que a maior riqueza que podemos ter \u00e9 Deus. S\u00e3o Francisco deixou todos os seus bens&#8230;<\/p>\n","protected":false},"author":4340,"featured_media":12603,"comment_status":"closed","ping_status":"closed","sticky":false,"template":"","format":"standard","meta":{"_mi_skip_tracking":false,"_monsterinsights_sitenote_active":false,"_monsterinsights_sitenote_note":"","_monsterinsights_sitenote_category":0,"footnotes":""},"categories":[289677],"tags":[],"_links":{"self":[{"href":"https:\/\/blog.cancaonova.com\/paisecatequistas\/wp-json\/wp\/v2\/posts\/8167"}],"collection":[{"href":"https:\/\/blog.cancaonova.com\/paisecatequistas\/wp-json\/wp\/v2\/posts"}],"about":[{"href":"https:\/\/blog.cancaonova.com\/paisecatequistas\/wp-json\/wp\/v2\/types\/post"}],"author":[{"embeddable":true,"href":"https:\/\/blog.cancaonova.com\/paisecatequistas\/wp-json\/wp\/v2\/users\/4340"}],"replies":[{"embeddable":true,"href":"https:\/\/blog.cancaonova.com\/paisecatequistas\/wp-json\/wp\/v2\/comments?post=8167"}],"version-history":[{"count":14,"href":"https:\/\/blog.cancaonova.com\/paisecatequistas\/wp-json\/wp\/v2\/posts\/8167\/revisions"}],"predecessor-version":[{"id":12600,"href":"https:\/\/blog.cancaonova.com\/paisecatequistas\/wp-json\/wp\/v2\/posts\/8167\/revisions\/12600"}],"wp:featuredmedia":[{"embeddable":true,"href":"https:\/\/blog.cancaonova.com\/paisecatequistas\/wp-json\/wp\/v2\/media\/12603"}],"wp:attachment":[{"href":"https:\/\/blog.cancaonova.com\/paisecatequistas\/wp-json\/wp\/v2\/media?parent=8167"}],"wp:term":[{"taxonomy":"category","embeddable":true,"href":"https:\/\/blog.cancaonova.com\/paisecatequistas\/wp-json\/wp\/v2\/categories?post=8167"},{"taxonomy":"post_tag","embeddable":true,"href":"https:\/\/blog.cancaonova.com\/paisecatequistas\/wp-json\/wp\/v2\/tags?post=8167"}],"curies":[{"name":"wp","href":"https:\/\/api.w.org\/{rel}","templated":true}]}}