{"id":832,"date":"2009-09-18T10:10:10","date_gmt":"2009-09-18T12:10:10","guid":{"rendered":"http:\/\/blog.cancaonova.com\/paisecatequistas\/?p=832"},"modified":"2012-01-11T17:06:43","modified_gmt":"2012-01-11T19:06:43","slug":"o-amor-e-a-primeira-forma-de-evangelizar","status":"publish","type":"post","link":"https:\/\/blog.cancaonova.com\/paisecatequistas\/o-amor-e-a-primeira-forma-de-evangelizar\/","title":{"rendered":"O amor \u00e9 a primeira forma de Evangelizar"},"content":{"rendered":"<p style=\"text-align: center\"><a href=\"http:\/\/blog.cancaonova.com\/paisecatequistas\/files\/2009\/09\/modelo-3-jesus-e-as-criancas.jpg\"><img loading=\"lazy\" decoding=\"async\" class=\"alignnone size-full wp-image-834\" src=\"http:\/\/blog.cancaonova.com\/paisecatequistas\/files\/2009\/09\/modelo-3-jesus-e-as-criancas.jpg\" alt=\"\" width=\"400\" height=\"541\" \/><\/a><\/p>\n<p style=\"text-align: center\">\n<p class=\"western\" style=\"text-align: justify;margin-bottom: 0cm\"><span style=\"font-family: Verdana, sans-serif\"><span style=\"font-size: x-small\"><strong>Demonstrar amor \u00e9 a primeira forma de Evangelizar<br \/>\n<\/strong><\/span><\/span><span style=\"font-family: Verdana, sans-serif\"><span style=\"font-size: x-small\"><br \/>\nA f\u00e9 \u00e9 o n\u00edvel mais elevado que o homem pode atingir. Compreender que<br \/>\nacima do ser humano existe um Deus significa aceitar o ciclo vital como<br \/>\nalgo superior a ele mesmo e que a vida deve ser respeitada. Perguntas como \u201cquem sou, de onde vim, para onde vou\u201d s\u00f3 a f\u00e9 pode responder. Diante das situa\u00e7\u00f5es limites como a morte, as limita\u00e7\u00f5es humanas, o inesperado o que \u00e9 o homem sem a f\u00e9? <\/span><\/span><\/p>\n<p class=\"western\" style=\"text-align: justify;margin-bottom: 0cm\"><span style=\"font-family: Verdana, sans-serif\"><span style=\"font-size: x-small\">A f\u00e9 se desenvolve ao longo do desenvolvimento do homem. Entre a f\u00e9<br \/>\nindiferenciada de um beb\u00ea e a f\u00e9 madura de um adulto existe um caminho que n\u00e3o est\u00e1 pronto, mas deve ser tra\u00e7ado, constru\u00eddo, experimentado e revisto. Essa constru\u00e7\u00e3o acontece em cada etapa do desenvolvimento da crian\u00e7a por meio de suas experi\u00eancias e relacionamentos. A experi\u00eancia de confiar abrange a rela\u00e7\u00e3o com quem cuida da crian\u00e7a. \u00c9 a base para abrir-se ao encontro como o outro e com Deus. As sementes da confian\u00e7a, coragem, esperan\u00e7a e amor s\u00e3o plantadas no ser humano junto com o leite materno, fundem-se de uma forma indiferenciada nas experi\u00eancias vivenciadas desde o ventre da m\u00e3e. <\/span><\/span><\/p>\n<p class=\"western\" style=\"text-align: justify;margin-bottom: 0cm\"><span style=\"font-family: Verdana, sans-serif\"><span style=\"font-size: x-small\">Logo, o amor \u00e9 a primeira forma de evangelizar: a crian\u00e7a amada ter\u00e1 muito mais facilidade de confiar em si, nos outros e em Deus. J\u00e1 a crian\u00e7a pequena que sofre priva\u00e7\u00f5es como amea\u00e7as de abandono, rejei\u00e7\u00e3o e inconsist\u00eancias, ter\u00e1 dificuldades em acreditar. Esta fase est\u00e1 relacionada a tudo que vir\u00e1 acontecer mais tarde no desenvolvimento da f\u00e9. \u00c9 a confian\u00e7a b\u00e1sica, nas bases da estrutura emocional do ser humano, que permitir\u00e1, depois, com muito mais facilidade, uma entrega total a Deus. <\/span><\/span><\/p>\n<p class=\"western\" style=\"text-align: justify;margin-bottom: 0cm\"><span style=\"font-family: Verdana, sans-serif\"><span style=\"font-size: x-small\">Se compararmos o ser humano a uma \u00e1rvore, o que recebemos na primeira inf\u00e2ncia, podemos chamar de \u201ctronco\u201d, o que vem depois, s\u00e3o somente galhos e enxertos. Logo, a efic\u00e1cia da evangeliza\u00e7\u00e3o de uma crian\u00e7a est\u00e1 relacionada com a coer\u00eancia em que n\u00f3s, pais e educadores, vivemos o que pregamos e no amor que a ela dedicamos.<\/span><\/span><\/p>\n<p class=\"western\" style=\"text-align: justify;margin-bottom: 0cm\"><span style=\"font-family: Verdana, sans-serif\"><span style=\"font-size: x-small\">Hyde Fl\u00e1via \u2013 Coord. Nacional do Minist\u00e9rio para crian\u00e7as da RCC no Brasil <\/span><\/span><\/p>\n<p class=\"western\" style=\"text-align: justify;margin-bottom: 0cm\">\n<p class=\"western\" style=\"text-align: justify;margin-bottom: 0cm\">\n<p style=\"text-align: center\">\n","protected":false},"excerpt":{"rendered":"<p>Demonstrar amor \u00e9 a primeira forma de Evangelizar A f\u00e9 \u00e9 o n\u00edvel mais elevado que o homem pode atingir. Compreender que acima do ser humano existe um Deus significa aceitar o ciclo vital como algo superior a ele mesmo&#8230;<\/p>\n","protected":false},"author":4340,"featured_media":0,"comment_status":"open","ping_status":"open","sticky":false,"template":"","format":"standard","meta":{"_mi_skip_tracking":false,"_monsterinsights_sitenote_active":false,"_monsterinsights_sitenote_note":"","_monsterinsights_sitenote_category":0,"footnotes":""},"categories":[23],"tags":[38,16344,15975,10251,15911,16750],"_links":{"self":[{"href":"https:\/\/blog.cancaonova.com\/paisecatequistas\/wp-json\/wp\/v2\/posts\/832"}],"collection":[{"href":"https:\/\/blog.cancaonova.com\/paisecatequistas\/wp-json\/wp\/v2\/posts"}],"about":[{"href":"https:\/\/blog.cancaonova.com\/paisecatequistas\/wp-json\/wp\/v2\/types\/post"}],"author":[{"embeddable":true,"href":"https:\/\/blog.cancaonova.com\/paisecatequistas\/wp-json\/wp\/v2\/users\/4340"}],"replies":[{"embeddable":true,"href":"https:\/\/blog.cancaonova.com\/paisecatequistas\/wp-json\/wp\/v2\/comments?post=832"}],"version-history":[{"count":4,"href":"https:\/\/blog.cancaonova.com\/paisecatequistas\/wp-json\/wp\/v2\/posts\/832\/revisions"}],"predecessor-version":[{"id":3742,"href":"https:\/\/blog.cancaonova.com\/paisecatequistas\/wp-json\/wp\/v2\/posts\/832\/revisions\/3742"}],"wp:attachment":[{"href":"https:\/\/blog.cancaonova.com\/paisecatequistas\/wp-json\/wp\/v2\/media?parent=832"}],"wp:term":[{"taxonomy":"category","embeddable":true,"href":"https:\/\/blog.cancaonova.com\/paisecatequistas\/wp-json\/wp\/v2\/categories?post=832"},{"taxonomy":"post_tag","embeddable":true,"href":"https:\/\/blog.cancaonova.com\/paisecatequistas\/wp-json\/wp\/v2\/tags?post=832"}],"curies":[{"name":"wp","href":"https:\/\/api.w.org\/{rel}","templated":true}]}}