{"id":876,"date":"2009-09-22T09:33:44","date_gmt":"2009-09-22T11:33:44","guid":{"rendered":"http:\/\/blog.cancaonova.com\/paisecatequistas\/?p=876"},"modified":"2012-01-11T16:42:58","modified_gmt":"2012-01-11T18:42:58","slug":"feliz-primavera","status":"publish","type":"post","link":"https:\/\/blog.cancaonova.com\/paisecatequistas\/feliz-primavera\/","title":{"rendered":"Feliz Primavera!"},"content":{"rendered":"<p style=\"text-align: justify\"><strong>Decida-se a viver a primavera<\/strong>, mesmo que voc\u00ea ainda se sinta no inverno mais rigoroso, \u00e9 da\u00ed que come\u00e7a a primavera, d\u00ea o primeiro passo e entre com a natureza nessa esta\u00e7\u00e3o, ver\u00e1s a primavera acontecer na sua vida em todas situa\u00e7\u00f5es.<\/p>\n<p style=\"text-align: justify\">Recome\u00e7ar a amar, mais ainda amar com palavras e gestos, dizer &#8220;eu te amo&#8221; s\u00f3 pode faz\u00ea-lo quem decide viver, perdoar, superar com aqueles que vivem a primavera, com aqueles que ajudaram a viver o inverno, seja tornado-o mais dif\u00edcil ou mais leve.<\/p>\n<p style=\"text-align: justify\">Primavera \u00e9 tempo dos milagres da ressurrei\u00e7\u00e3o, coloque neste dia diante do Senhor, onde voc\u00ea precisa de vida, de milagre, acredite, tenha f\u00e9 o Senhor pode dar vida onde est\u00e1 morto.<\/p>\n<p style=\"text-align: justify\">Junto com voc\u00ea, quero colher nesse novo tempo as <strong>flores dos milagres, o canto do perd\u00e3o e a vida que vem do amor<\/strong>. \u00c9 tempo de recome\u00e7ar, de amar e perdoar. <strong>Feliz ressurrei\u00e7\u00e3o, feliz primavera.<\/strong><\/p>\n<div>\n<p><strong>\u00c9rika Andrade &#8211; Comunidade Can\u00e7\u00e3o Nova<\/strong><\/p>\n<p style=\"text-align: center\"><a href=\"http:\/\/blog.cancaonova.com\/paisecatequistas\/files\/2009\/09\/primavera.jpg\"><img loading=\"lazy\" decoding=\"async\" class=\"alignnone size-full wp-image-882\" src=\"http:\/\/blog.cancaonova.com\/paisecatequistas\/files\/2009\/09\/primavera.jpg\" alt=\"\" width=\"400\" height=\"300\" \/><\/a><\/p>\n<p style=\"text-align: center\">\n<\/div>\n","protected":false},"excerpt":{"rendered":"<p>Decida-se a viver a primavera, mesmo que voc\u00ea ainda se sinta no inverno mais rigoroso, \u00e9 da\u00ed que come\u00e7a a primavera, d\u00ea o primeiro passo e entre com a natureza nessa esta\u00e7\u00e3o, ver\u00e1s a primavera acontecer na sua vida em&#8230;<\/p>\n","protected":false},"author":4340,"featured_media":0,"comment_status":"open","ping_status":"open","sticky":false,"template":"","format":"standard","meta":{"_mi_skip_tracking":false,"_monsterinsights_sitenote_active":false,"_monsterinsights_sitenote_note":"","_monsterinsights_sitenote_category":0,"footnotes":""},"categories":[23],"tags":[71522,102698,16146,22526,25212,16511],"_links":{"self":[{"href":"https:\/\/blog.cancaonova.com\/paisecatequistas\/wp-json\/wp\/v2\/posts\/876"}],"collection":[{"href":"https:\/\/blog.cancaonova.com\/paisecatequistas\/wp-json\/wp\/v2\/posts"}],"about":[{"href":"https:\/\/blog.cancaonova.com\/paisecatequistas\/wp-json\/wp\/v2\/types\/post"}],"author":[{"embeddable":true,"href":"https:\/\/blog.cancaonova.com\/paisecatequistas\/wp-json\/wp\/v2\/users\/4340"}],"replies":[{"embeddable":true,"href":"https:\/\/blog.cancaonova.com\/paisecatequistas\/wp-json\/wp\/v2\/comments?post=876"}],"version-history":[{"count":6,"href":"https:\/\/blog.cancaonova.com\/paisecatequistas\/wp-json\/wp\/v2\/posts\/876\/revisions"}],"predecessor-version":[{"id":3736,"href":"https:\/\/blog.cancaonova.com\/paisecatequistas\/wp-json\/wp\/v2\/posts\/876\/revisions\/3736"}],"wp:attachment":[{"href":"https:\/\/blog.cancaonova.com\/paisecatequistas\/wp-json\/wp\/v2\/media?parent=876"}],"wp:term":[{"taxonomy":"category","embeddable":true,"href":"https:\/\/blog.cancaonova.com\/paisecatequistas\/wp-json\/wp\/v2\/categories?post=876"},{"taxonomy":"post_tag","embeddable":true,"href":"https:\/\/blog.cancaonova.com\/paisecatequistas\/wp-json\/wp\/v2\/tags?post=876"}],"curies":[{"name":"wp","href":"https:\/\/api.w.org\/{rel}","templated":true}]}}