{"id":900,"date":"2014-09-22T08:00:02","date_gmt":"2014-09-22T10:00:02","guid":{"rendered":"http:\/\/blog.cancaonova.com\/paisecatequistas\/?p=900"},"modified":"2014-09-01T09:50:25","modified_gmt":"2014-09-01T11:50:25","slug":"arcanjo-sao-miguel","status":"publish","type":"post","link":"https:\/\/blog.cancaonova.com\/paisecatequistas\/arcanjo-sao-miguel\/","title":{"rendered":"Arcanjo S\u00e3o Miguel"},"content":{"rendered":"<p style=\"text-align: center\"><a href=\"http:\/\/blog.cancaonova.com\/paisecatequistas\/files\/2009\/09\/sao-miguel2.jpg\"><img loading=\"lazy\" decoding=\"async\" class=\"alignnone size-full wp-image-906\" src=\"http:\/\/blog.cancaonova.com\/paisecatequistas\/files\/2009\/09\/sao-miguel2.jpg\" alt=\"\" width=\"400\" height=\"300\" \/><\/a><\/p>\n<p>Vamos conhecer um pouco sobre a hist\u00f3ria de S\u00e3o Miguel.<\/p>\n<p style=\"text-align: justify\">A Igreja conhece o nome de tr\u00eas Arcanjos, e a Liturgia celebra no dia 29 de Setembro a Festa dedicada a eles: S\u00e3o Miguel, S\u00e3o Gabriel e S\u00e3o Rafael, e lembra ao mesmo tempo todos os coros ang\u00e9licos.<\/p>\n<p style=\"text-align: justify\">S\u00e3o Miguel, de modo especial foi cultuado desde os primeiros s\u00e9culos do cristianismo.<\/p>\n<p style=\"text-align: justify\">No Apocalipse, S\u00e3o Miguel e seus anjos s\u00e3o mostrados como defensores do povo de Deus.<\/p>\n<p style=\"text-align: justify\">&#8220;Houve uma batalha no c\u00e9u. Miguel e seus anjos tiveram de combater o drag\u00e3o. O Drag\u00e3o e os seus anjos travaram combate, mas n\u00e3o prevaleceram.&#8221; (Ap 12,7)<\/p>\n<p style=\"text-align: justify\">Tanto o Antigo como Novo Testamento sempre consideraram o arcanjo S\u00e3o Miguel como defensor dos direitos de Deus e da Igreja contra as investidas do dem\u00f4nio.<\/p>\n<p style=\"text-align: justify\">S\u00e3o Francisco de Assis tamb\u00e9m teve muita devo\u00e7\u00e3o pelo arcanjo Miguel, e chegou a peregrinar at\u00e9 o santu\u00e1rio de Gargano; mas, l\u00e1 chegando, julgou-se indigno de entrar e ficou por muito tempo diante da porta, orando. Entre os lugares de culto, certamente o mais famoso \u00e9 este de Monte Gargano.<\/p>\n<h2 style=\"text-align: justify\">Ora\u00e7\u00e3o a S\u00e3o Miguel<\/h2>\n<p style=\"text-align: justify\">S\u00e3o Miguel Arcanjo, com a tua luz, ilumina-nos; com as tuas asas, protege-nos; com a tua espada, defende-nos.<\/p>\n<p style=\"text-align: justify\">Texto: Livro: Os Anjos (Professor Felipe Aquino)<\/p>\n<p style=\"text-align: justify\">Texto: Livro: Para Falar de Anjos &#8211; Edi\u00e7\u00f5es Loyola<\/p>\n<p style=\"text-align: justify\">\n","protected":false},"excerpt":{"rendered":"<p>Vamos conhecer um pouco sobre a hist\u00f3ria de S\u00e3o Miguel. A Igreja conhece o nome de tr\u00eas Arcanjos, e a Liturgia celebra no dia 29 de Setembro a Festa dedicada a eles: S\u00e3o Miguel, S\u00e3o Gabriel e S\u00e3o Rafael, e&#8230;<\/p>\n","protected":false},"author":4340,"featured_media":0,"comment_status":"open","ping_status":"open","sticky":false,"template":"","format":"standard","meta":{"_mi_skip_tracking":false,"_monsterinsights_sitenote_active":false,"_monsterinsights_sitenote_note":"","_monsterinsights_sitenote_category":0,"footnotes":""},"categories":[23],"tags":[24005,24063,24065,24064,18055],"_links":{"self":[{"href":"https:\/\/blog.cancaonova.com\/paisecatequistas\/wp-json\/wp\/v2\/posts\/900"}],"collection":[{"href":"https:\/\/blog.cancaonova.com\/paisecatequistas\/wp-json\/wp\/v2\/posts"}],"about":[{"href":"https:\/\/blog.cancaonova.com\/paisecatequistas\/wp-json\/wp\/v2\/types\/post"}],"author":[{"embeddable":true,"href":"https:\/\/blog.cancaonova.com\/paisecatequistas\/wp-json\/wp\/v2\/users\/4340"}],"replies":[{"embeddable":true,"href":"https:\/\/blog.cancaonova.com\/paisecatequistas\/wp-json\/wp\/v2\/comments?post=900"}],"version-history":[{"count":11,"href":"https:\/\/blog.cancaonova.com\/paisecatequistas\/wp-json\/wp\/v2\/posts\/900\/revisions"}],"predecessor-version":[{"id":6951,"href":"https:\/\/blog.cancaonova.com\/paisecatequistas\/wp-json\/wp\/v2\/posts\/900\/revisions\/6951"}],"wp:attachment":[{"href":"https:\/\/blog.cancaonova.com\/paisecatequistas\/wp-json\/wp\/v2\/media?parent=900"}],"wp:term":[{"taxonomy":"category","embeddable":true,"href":"https:\/\/blog.cancaonova.com\/paisecatequistas\/wp-json\/wp\/v2\/categories?post=900"},{"taxonomy":"post_tag","embeddable":true,"href":"https:\/\/blog.cancaonova.com\/paisecatequistas\/wp-json\/wp\/v2\/tags?post=900"}],"curies":[{"name":"wp","href":"https:\/\/api.w.org\/{rel}","templated":true}]}}