{"id":907,"date":"2009-09-25T15:44:49","date_gmt":"2009-09-25T17:44:49","guid":{"rendered":"http:\/\/blog.cancaonova.com\/paisecatequistas\/?p=907"},"modified":"2012-01-11T16:22:30","modified_gmt":"2012-01-11T18:22:30","slug":"para-colorir","status":"publish","type":"post","link":"https:\/\/blog.cancaonova.com\/paisecatequistas\/para-colorir\/","title":{"rendered":"Para Colorir"},"content":{"rendered":"<p style=\"text-align: center\">Ol\u00e1 pais e catequistas.<br \/>\nDesenho para a colorir na catequese. Divirtam-se.<br \/>\nAt\u00e9 a pr\u00f3xima.<\/p>\n<p style=\"text-align: center\"><a href=\"http:\/\/blog.cancaonova.com\/paisecatequistas\/files\/2009\/09\/tob.jpg\"><img loading=\"lazy\" decoding=\"async\" class=\"alignnone size-full wp-image-908\" src=\"http:\/\/blog.cancaonova.com\/paisecatequistas\/files\/2009\/09\/tob.jpg\" alt=\"\" width=\"400\" height=\"566\" \/><\/a><\/p>\n","protected":false},"excerpt":{"rendered":"<p>Ol\u00e1 pais e catequistas. Desenho para a colorir na catequese. Divirtam-se. At\u00e9 a pr\u00f3xima.<\/p>\n","protected":false},"author":4340,"featured_media":0,"comment_status":"open","ping_status":"open","sticky":false,"template":"","format":"standard","meta":{"_mi_skip_tracking":false,"_monsterinsights_sitenote_active":false,"_monsterinsights_sitenote_note":"","_monsterinsights_sitenote_category":0,"footnotes":""},"categories":[16089],"tags":[15521,26984,15161,16773,19413],"_links":{"self":[{"href":"https:\/\/blog.cancaonova.com\/paisecatequistas\/wp-json\/wp\/v2\/posts\/907"}],"collection":[{"href":"https:\/\/blog.cancaonova.com\/paisecatequistas\/wp-json\/wp\/v2\/posts"}],"about":[{"href":"https:\/\/blog.cancaonova.com\/paisecatequistas\/wp-json\/wp\/v2\/types\/post"}],"author":[{"embeddable":true,"href":"https:\/\/blog.cancaonova.com\/paisecatequistas\/wp-json\/wp\/v2\/users\/4340"}],"replies":[{"embeddable":true,"href":"https:\/\/blog.cancaonova.com\/paisecatequistas\/wp-json\/wp\/v2\/comments?post=907"}],"version-history":[{"count":4,"href":"https:\/\/blog.cancaonova.com\/paisecatequistas\/wp-json\/wp\/v2\/posts\/907\/revisions"}],"predecessor-version":[{"id":3729,"href":"https:\/\/blog.cancaonova.com\/paisecatequistas\/wp-json\/wp\/v2\/posts\/907\/revisions\/3729"}],"wp:attachment":[{"href":"https:\/\/blog.cancaonova.com\/paisecatequistas\/wp-json\/wp\/v2\/media?parent=907"}],"wp:term":[{"taxonomy":"category","embeddable":true,"href":"https:\/\/blog.cancaonova.com\/paisecatequistas\/wp-json\/wp\/v2\/categories?post=907"},{"taxonomy":"post_tag","embeddable":true,"href":"https:\/\/blog.cancaonova.com\/paisecatequistas\/wp-json\/wp\/v2\/tags?post=907"}],"curies":[{"name":"wp","href":"https:\/\/api.w.org\/{rel}","templated":true}]}}