{"id":9185,"date":"2024-01-09T00:00:09","date_gmt":"2024-01-09T02:00:09","guid":{"rendered":"http:\/\/blog.cancaonova.com\/paisecatequistas\/?p=9185"},"modified":"2026-01-14T13:20:11","modified_gmt":"2026-01-14T15:20:11","slug":"sao-paulo-o-apostolo-dos-gentios","status":"publish","type":"post","link":"https:\/\/blog.cancaonova.com\/paisecatequistas\/sao-paulo-o-apostolo-dos-gentios\/","title":{"rendered":"S\u00e3o Paulo: O Homem que se Deixou Moldar pelo Esp\u00edrito"},"content":{"rendered":"<p data-path-to-node=\"4\">Um dos santos mais conhecidos entre os crist\u00e3os pelo mundo todo \u00e9 <b data-path-to-node=\"4\" data-index-in-node=\"66\">S\u00e3o Paulo ap\u00f3stolo<\/b>. Mas quem foi realmente S\u00e3o Paulo?<\/p>\n<h3 data-path-to-node=\"5\">A Origem: Saulo de Tarso<\/h3>\n<p data-path-to-node=\"6\">O ap\u00f3stolo S\u00e3o Paulo, antes de sua convers\u00e3o, era conhecido como <b data-path-to-node=\"6\" data-index-in-node=\"65\">Saulo<\/b>. Nasceu em Tarso, na Cilicia, atual Turquia. Seus pais eram judeus e tinham privil\u00e9gios da cidadania romana. Passou os primeiros anos de vida no meio da comunidade judaica e frequentou a escola da sinagoga.<\/p>\n<h3 data-path-to-node=\"7\">O Perseguidor<\/h3>\n<p data-path-to-node=\"8\">Quando Saulo chegou \u00e0 Jerusal\u00e9m, os disc\u00edpulos de Jesus j\u00e1 eram mais de 5 mil. A maior parte dos judeus, inclusive Saulo, n\u00e3o acreditava que Jesus fosse o Messias. Tornou-se perseguidor das primeiras comunidades crist\u00e3s e participou ativamente do apedrejamento do ap\u00f3stolo Est\u00eav\u00e3o.<\/p>\n<h3 data-path-to-node=\"9\">A Convers\u00e3o e a Miss\u00e3o<\/h3>\n<p data-path-to-node=\"10\">O cap\u00edtulo 9 <span class=\"citation-255 citation-256 citation-257\">do livro de <\/span><b data-path-to-node=\"10\" data-index-in-node=\"25\"><span class=\"citation-255 citation-256 citation-257\">Atos dos Ap\u00f3stolos<\/span><\/b><span class=\"citation-255 citation-256 citation-257\"> narra a convers\u00e3o de S\u00e3o Paulo; e nela podemos ver a principal miss\u00e3o de Paulo: <\/span><b data-path-to-node=\"10\" data-index-in-node=\"124\"><span class=\"citation-255 citation-256 citation-257\">levar o Nome de Jesus a toda humanidade (Atos 9,15)<\/span><\/b><span class=\"citation-255 citation-256 citation-257 citation-end-257\">.<\/span><\/p>\n<p data-path-to-node=\"11\"><span class=\"citation-252 citation-253 citation-254 citation-end-254\">Nos primeiros anos de sua convers\u00e3o, foi muito provado para ser \u201caprovado\u201d entr<\/span><span class=\"citation-252 citation-253 citation-end-253\">e os crist\u00e3os, fato que ele mesmo escreve em G\u00e1latas, nos cap\u00edtulos 1 e 2. Por\u00e9m, sua convers\u00e3o foi t\u00e3o profunda, q<\/span><span class=\"citation-252 citation-end-252\">ue nada o impediu de levar o Evangelho de Jesus Cristo por onde o Esp\u00edrito Santo o inspirava, deixando-se moldar por E<\/span>le.<\/p>\n<h3 data-path-to-node=\"12\">O Legado para a Humanidade<\/h3>\n<p data-path-to-node=\"13\">No Novo Testamento, podemos ler <b data-path-to-node=\"13\" data-index-in-node=\"32\">14 cartas<\/b> escritas por Paulo para as diversas comunidades <span class=\"citation-250 citation-251 citation-end-251\">por onde ele passou. Sempre foi zeloso pelas coisas de Deus e, quando se converteu ao Cristianismo, transmitiu esse zelo e amor aos seus ouvintes.<\/span><\/p>\n<p data-path-to-node=\"13\">Se hoje conhecemos a B\u00edblia e somos crist\u00e3os, temos muito de agradecer a Paulo.<\/p>\n<p data-path-to-node=\"15\"><span class=\"citation-246 citation-247\">Por isso, \u00e9 chamado de <\/span><b data-path-to-node=\"15\" data-index-in-node=\"23\"><span class=\"citation-246 citation-247 citation-end-247\">\u201cAp<\/span><span class=\"citation-246\">\u00f3stolo dos Gentios\u201d<\/span><\/b><span class=\"citation-246 citation-end-246\">, por n\u00e3o fazer distin\u00e7\u00e3o de pessoas nem excluir ningu\u00e9m na propaga\u00e7\u00e3o do Evangelho, na feliz expectativa da Segunda Vinda de Crist<\/span>o!<\/p>\n<h3 data-path-to-node=\"16\">Festas Lit\u00fargicas<\/h3>\n<p data-path-to-node=\"17\">Duas festas lit\u00fargicas foram criadas em homenagem a S\u00e3o Paulo:<\/p>\n<ul>\n<li data-path-to-node=\"18,0,0\"><b data-path-to-node=\"18,0,0\" data-index-in-node=\"0\">25 de janeiro:<\/b> Institu\u00edda no s\u00e9culo VIII para lembrar a convers\u00e3o do ap\u00f3stolo (entrou no calend\u00e1rio romano no final do s\u00e9culo X).<\/li>\n<li data-path-to-node=\"18,1,0\"><b data-path-to-node=\"18,1,0\" data-index-in-node=\"0\">29 de junho:<\/b> Lembra o seu mart\u00edrio, juntamente com o do ap\u00f3stolo S\u00e3o Pedro.<\/li>\n<\/ul>\n<p>Para conhecer mais detalhes sobre quem foi e quem se tornou S\u00e3o Paulo, basta ler o Livro dos Atos dos Ap\u00f3stolos.<\/p>\n<p data-path-to-node=\"20\"><b data-path-to-node=\"20\" data-index-in-node=\"0\">S\u00e3o Paulo, ap\u00f3stolo, rogai por n\u00f3s!<\/b><\/p>\n<p><a href=\"https:\/\/loja.cancaonova.com\/livro-biblia-para-criancas\">https:\/\/loja.cancaonova.com\/livro-biblia-para-criancas<\/a><\/p>\n<p><iframe loading=\"lazy\" title=\"B\u00c3\u00adblia para Crian\u00c3\u00a7as - Convers\u00c3\u00a3o de Saulo\" width=\"600\" height=\"450\" src=\"https:\/\/www.youtube.com\/embed\/PFAQNJk-qsc?feature=oembed&amp;rel=0\" frameborder=\"0\" allow=\"accelerometer; autoplay; clipboard-write; encrypted-media; gyroscope; picture-in-picture; web-share\" referrerpolicy=\"strict-origin-when-cross-origin\" allowfullscreen><\/iframe><\/p>\n<p>Para Colorir:<\/p>\n<p><a href=\"http:\/\/blog.cancaonova.com\/paisecatequistas\/files\/2024\/01\/9dia-novena.pdf\"><img loading=\"lazy\" decoding=\"async\" class=\"wp-image-13333 alignnone\" src=\"http:\/\/blog.cancaonova.com\/paisecatequistas\/files\/2022\/01\/23-S\u00e3o-Paulo.jpg\" alt=\"\" width=\"919\" height=\"677\" srcset=\"https:\/\/blog.cancaonova.com\/paisecatequistas\/files\/2022\/01\/23-S\u00e3o-Paulo.jpg 3366w, https:\/\/blog.cancaonova.com\/paisecatequistas\/files\/2022\/01\/23-S\u00e3o-Paulo-300x221.jpg 300w, https:\/\/blog.cancaonova.com\/paisecatequistas\/files\/2022\/01\/23-S\u00e3o-Paulo-768x566.jpg 768w\" sizes=\"(max-width: 919px) 100vw, 919px\" \/><\/a><\/p>\n<p>&nbsp;<\/p>\n<p>&nbsp;<\/p>\n","protected":false},"excerpt":{"rendered":"<p>Um dos santos mais conhecidos entre os crist\u00e3os pelo mundo todo \u00e9\u00a0S\u00e3o Paulo ap\u00f3stolo. Mas quem foi realmente S\u00e3o Paulo? O ap\u00f3stolo S\u00e3o Paulo, antes de sua convers\u00e3o, era conhecido como Saulo, nasceu em Tarso, na Cilicia, atual Turquia. Seus pais eram judeus, tinham privil\u00e9gios da cidadania romana. Passou os primeiros anos de vida no meio da comunidade judaica e frequentou a escola da sinagoga. <a href=\"https:\/\/blog.cancaonova.com\/paisecatequistas\/sao-paulo-o-apostolo-dos-gentios\/\">Continue lendo <span class=\"meta-nav\">&rarr;<\/span><\/a><\/p>\n","protected":false},"author":4414,"featured_media":20045,"comment_status":"closed","ping_status":"closed","sticky":false,"template":"","format":"standard","meta":{"_mi_skip_tracking":false,"_monsterinsights_sitenote_active":false,"_monsterinsights_sitenote_note":"","_monsterinsights_sitenote_category":0,"footnotes":""},"categories":[200710,271],"tags":[219018,38,18010,16672,34,6351,15521,17108,26984,92384,16445,15161,461,17102,8001,15792,17146,16773,15975,19905,18989,3671,6851,40,721,57442,32,7761,271,16476],"_links":{"self":[{"href":"https:\/\/blog.cancaonova.com\/paisecatequistas\/wp-json\/wp\/v2\/posts\/9185"}],"collection":[{"href":"https:\/\/blog.cancaonova.com\/paisecatequistas\/wp-json\/wp\/v2\/posts"}],"about":[{"href":"https:\/\/blog.cancaonova.com\/paisecatequistas\/wp-json\/wp\/v2\/types\/post"}],"author":[{"embeddable":true,"href":"https:\/\/blog.cancaonova.com\/paisecatequistas\/wp-json\/wp\/v2\/users\/4414"}],"replies":[{"embeddable":true,"href":"https:\/\/blog.cancaonova.com\/paisecatequistas\/wp-json\/wp\/v2\/comments?post=9185"}],"version-history":[{"count":17,"href":"https:\/\/blog.cancaonova.com\/paisecatequistas\/wp-json\/wp\/v2\/posts\/9185\/revisions"}],"predecessor-version":[{"id":13332,"href":"https:\/\/blog.cancaonova.com\/paisecatequistas\/wp-json\/wp\/v2\/posts\/9185\/revisions\/13332"}],"wp:featuredmedia":[{"embeddable":true,"href":"https:\/\/blog.cancaonova.com\/paisecatequistas\/wp-json\/wp\/v2\/media\/20045"}],"wp:attachment":[{"href":"https:\/\/blog.cancaonova.com\/paisecatequistas\/wp-json\/wp\/v2\/media?parent=9185"}],"wp:term":[{"taxonomy":"category","embeddable":true,"href":"https:\/\/blog.cancaonova.com\/paisecatequistas\/wp-json\/wp\/v2\/categories?post=9185"},{"taxonomy":"post_tag","embeddable":true,"href":"https:\/\/blog.cancaonova.com\/paisecatequistas\/wp-json\/wp\/v2\/tags?post=9185"}],"curies":[{"name":"wp","href":"https:\/\/api.w.org\/{rel}","templated":true}]}}