{"id":923,"date":"2016-09-29T08:00:38","date_gmt":"2016-09-29T10:00:38","guid":{"rendered":"http:\/\/blog.cancaonova.com\/paisecatequistas\/?p=923"},"modified":"2016-09-06T12:20:37","modified_gmt":"2016-09-06T14:20:37","slug":"ignorar-as-escrituras-e-ignorar-a-cristo","status":"publish","type":"post","link":"https:\/\/blog.cancaonova.com\/paisecatequistas\/ignorar-as-escrituras-e-ignorar-a-cristo\/","title":{"rendered":"Ignorar as Escrituras, \u00e9 ignorar a Cristo."},"content":{"rendered":"<p style=\"text-align: center\"><a href=\"http:\/\/blog.cancaonova.com\/paisecatequistas\/files\/2009\/09\/mico.jpg\"><img loading=\"lazy\" decoding=\"async\" class=\"alignnone size-full wp-image-924\" src=\"http:\/\/blog.cancaonova.com\/paisecatequistas\/files\/2009\/09\/mico.jpg\" alt=\"\" width=\"386\" height=\"479\" \/><\/a><\/p>\n<p style=\"text-align: justify\">Neste \u00faltimo dia do m\u00eas da B\u00edblia, celebramos a mem\u00f3ria do grande &#8220;tradutor e exegeta das Sagradas Escrituras&#8221;: S\u00e3o Jer\u00f4nimo, presb\u00edtero e doutor da Igreja. Ele nasceu na Dalm\u00e1cia em 340, e ficou conhecido como escritor, fil\u00f3sofo, te\u00f3logo, ret\u00f3rico, gram\u00e1tico, dial\u00e9tico, historiador, exegeta e doutor da Igreja. \u00c9 de S\u00e3o Jer\u00f4nimo a c\u00e9lebre frase: <em>&#8220;Ignorar as Escrituras, \u00e9 ignorar a Cristo.&#8221;<\/em><\/p>\n<p style=\"text-align: justify\">Com posse da heran\u00e7a dos pais, foi realizar sua voca\u00e7\u00e3o de amante dos estudos em Roma. Estando na &#8220;Cidade Eterna&#8221;, Jer\u00f4nimo aproveitou para visitar as Catacumbas, onde contemplava as capelas e esfor\u00e7ava-se por decifrar os escritos nos t\u00famulos dos m\u00e1rtires. Em Roma, Jer\u00f4nimo teve um sonho que foi determinante para sua convers\u00e3o: neste sonho, Jer\u00f4nimo apresentava-se como crist\u00e3o e era repreendido pelo pr\u00f3prio Cristo por estar faltando com a verdade (pois ainda n\u00e3o havia abra\u00e7ado as Sagradas Escrituras, mas somente escritos pag\u00e3os). Cerca do fim desta perman\u00eancia em Roma, Jer\u00f4nimo recebeu o Batismo.<\/p>\n<p style=\"text-align: justify\">Ap\u00f3s isso, iniciou os estudos teol\u00f3gicos e decidiu lan\u00e7ar-se numa peregrina\u00e7\u00e3o \u00e0 Terra Santa, mas uma prolongada doen\u00e7a obrigou-o a permanecer em Antioquia. Enfastiado do mundo e desejoso de quietude e penit\u00eancia, retirou-se para o deserto de C\u00e1lcida, com o prop\u00f3sito de seguir na vida erem\u00edtica. Ordenado sacerdote em 379, retirou-se para estudar, a fim de responder com a literatura \u00e0s necessidades da \u00e9poca. Tendo estudado as l\u00ednguas originais para melhor compreender as Escrituras, Jer\u00f4nimo p\u00f4de, a pedido do Papa D\u00e2maso, traduzir com precis\u00e3o a B\u00edblia para o latim (l\u00edngua oficial da Igreja). Esta tradu\u00e7\u00e3o recebeu o nome de <em>Vulgata.<\/em> Assim, com alegria e prazer se empenhou para enriquecer a Igreja universal.<\/p>\n<p style=\"text-align: justify\">Saiu de Roma, e foi viver definitivamente em Bel\u00e9m no ano de 386, onde permaneceu como monge penitente e estudioso, continuando as tradu\u00e7\u00f5es b\u00edblicas, at\u00e9 falecer em 420, aos 30 de setembro com, praticamente, 80 anos de idade. A Igreja declarou-o padroeiro de todos os que se dedicam ao estudo da B\u00edblia e fixou o &#8220;Dia da B\u00edblia&#8221; no m\u00eas do seu anivers\u00e1rio de morte, ou ainda, dia da posse da grande promessa b\u00edblica: a Vida Eterna.<\/p>\n<p style=\"text-align: justify\">S\u00e3o Jer\u00f4nimo rogai por n\u00f3s.<\/p>\n<p style=\"text-align: justify\">Deus aben\u00e7oe voc\u00ea.<\/p>\n<p style=\"text-align: justify\">\n","protected":false},"excerpt":{"rendered":"<p>Neste \u00faltimo dia do m\u00eas da B\u00edblia, celebramos a mem\u00f3ria do grande &#8220;tradutor e exegeta das Sagradas Escrituras&#8221;: S\u00e3o Jer\u00f4nimo, presb\u00edtero e doutor da Igreja. Ele nasceu na Dalm\u00e1cia em 340, e ficou conhecido como escritor, fil\u00f3sofo, te\u00f3logo, ret\u00f3rico, gram\u00e1tico,&#8230;<\/p>\n","protected":false},"author":4340,"featured_media":0,"comment_status":"open","ping_status":"open","sticky":false,"template":"","format":"standard","meta":{"_mi_skip_tracking":false,"_monsterinsights_sitenote_active":false,"_monsterinsights_sitenote_note":"","_monsterinsights_sitenote_category":0,"footnotes":""},"categories":[23],"tags":[34,55306,18055],"_links":{"self":[{"href":"https:\/\/blog.cancaonova.com\/paisecatequistas\/wp-json\/wp\/v2\/posts\/923"}],"collection":[{"href":"https:\/\/blog.cancaonova.com\/paisecatequistas\/wp-json\/wp\/v2\/posts"}],"about":[{"href":"https:\/\/blog.cancaonova.com\/paisecatequistas\/wp-json\/wp\/v2\/types\/post"}],"author":[{"embeddable":true,"href":"https:\/\/blog.cancaonova.com\/paisecatequistas\/wp-json\/wp\/v2\/users\/4340"}],"replies":[{"embeddable":true,"href":"https:\/\/blog.cancaonova.com\/paisecatequistas\/wp-json\/wp\/v2\/comments?post=923"}],"version-history":[{"count":8,"href":"https:\/\/blog.cancaonova.com\/paisecatequistas\/wp-json\/wp\/v2\/posts\/923\/revisions"}],"predecessor-version":[{"id":6958,"href":"https:\/\/blog.cancaonova.com\/paisecatequistas\/wp-json\/wp\/v2\/posts\/923\/revisions\/6958"}],"wp:attachment":[{"href":"https:\/\/blog.cancaonova.com\/paisecatequistas\/wp-json\/wp\/v2\/media?parent=923"}],"wp:term":[{"taxonomy":"category","embeddable":true,"href":"https:\/\/blog.cancaonova.com\/paisecatequistas\/wp-json\/wp\/v2\/categories?post=923"},{"taxonomy":"post_tag","embeddable":true,"href":"https:\/\/blog.cancaonova.com\/paisecatequistas\/wp-json\/wp\/v2\/tags?post=923"}],"curies":[{"name":"wp","href":"https:\/\/api.w.org\/{rel}","templated":true}]}}