{"id":9251,"date":"2020-02-20T10:52:54","date_gmt":"2020-02-20T12:52:54","guid":{"rendered":"http:\/\/blog.cancaonova.com\/paisecatequistas\/?p=9251"},"modified":"2024-02-16T15:15:20","modified_gmt":"2024-02-16T17:15:20","slug":"francisco-e-jacinta-marto-rogai-por-nos","status":"publish","type":"post","link":"https:\/\/blog.cancaonova.com\/paisecatequistas\/francisco-e-jacinta-marto-rogai-por-nos\/","title":{"rendered":"S\u00e3o Francisco e Santa Jacinta Marto, rogai por n\u00f3s!"},"content":{"rendered":"<p>Hoje, a Igreja Celebra a mem\u00f3ria dos Pastorinhos de F\u00e1tima, Francisco e Jacinta Marto!<\/p>\n<p>Eram 2 dos 3 pastorinhos: L\u00facia com 10 anos; Francisco com 9 e Jacinta com 7 anos. Eram crian\u00e7as simples e de cora\u00e7\u00e3o puro, que ficaram conhecidas pelo mundo todo at\u00e9 os dias atuais por serem escolhidos por Nossa Senhora, em F\u00e1tima, como testemunhas privilegiadas das apari\u00e7\u00f5es na Cova da Iria, por 6 vezes, em Portugal, no ano de 1917.<\/p>\n<p><img loading=\"lazy\" decoding=\"async\" class=\" wp-image-9254 alignnone\" src=\"http:\/\/blog.cancaonova.com\/paisecatequistas\/files\/2020\/02\/Arte-Os-Pastorinhos-ep06_02.jpg\" alt=\"\" width=\"806\" height=\"672\" srcset=\"https:\/\/blog.cancaonova.com\/paisecatequistas\/files\/2020\/02\/Arte-Os-Pastorinhos-ep06_02.jpg 1200w, https:\/\/blog.cancaonova.com\/paisecatequistas\/files\/2020\/02\/Arte-Os-Pastorinhos-ep06_02-300x250.jpg 300w, https:\/\/blog.cancaonova.com\/paisecatequistas\/files\/2020\/02\/Arte-Os-Pastorinhos-ep06_02-768x640.jpg 768w\" sizes=\"(max-width: 806px) 100vw, 806px\" \/><\/p>\n<p>Francisco Marto e Jacinta Marto morreram pouco tempo depois das Apari\u00e7\u00f5es, num intervalo de menos de dois anos entre as duas mortes, mas, antes de morrerem, Nossa Senhora anunciou a eles: &#8220;&#8230; a Jacinta e o Francisco levo-os em breve. Mas tu (L\u00facia) ficas c\u00e1 mais algum tempo&#8221; (13 de junho de 1917). L\u00facia viveu at\u00e9 13 de fevereiro de 2005, como\u00a0Irm\u00e3 Maria L\u00facia de Jesus e do Cora\u00e7\u00e3o Imaculado, nome que adotou quando professou os seus votos no Carmelo de Santa Teresa, em Coimbra.<\/p>\n<p>H\u00e1 diversos relatos de <a href=\"https:\/\/especiais.cancaonova.com\/especial-mariano\/especial-mariano\/fatima\/noticias---primary-categoria-\/testemunho-dos-pastorinhos-de-fatima-contagia-fieis-ainda-hoje\/\">milagres alcan\u00e7ados pela intercess\u00e3o destes pastorinhos<\/a>\u00a0Francisco e Jacinta. Eles faziam penit\u00eancias pela convers\u00e3o dos pecadores. Depois que foi dada a eles a vis\u00e3o do inferno, mesmo sendo crian\u00e7as, viviam diversos sacrif\u00edcios e ofereciam pela salva\u00e7\u00e3o das almas.<\/p>\n<p><img loading=\"lazy\" decoding=\"async\" class=\"size-full wp-image-9255 alignnone\" src=\"http:\/\/blog.cancaonova.com\/paisecatequistas\/files\/2020\/02\/pastorinhos-de-fatima.png\" alt=\"\" width=\"600\" height=\"338\" srcset=\"https:\/\/blog.cancaonova.com\/paisecatequistas\/files\/2020\/02\/pastorinhos-de-fatima.png 600w, https:\/\/blog.cancaonova.com\/paisecatequistas\/files\/2020\/02\/pastorinhos-de-fatima-300x169.png 300w, https:\/\/blog.cancaonova.com\/paisecatequistas\/files\/2020\/02\/pastorinhos-de-fatima-384x216.png 384w, https:\/\/blog.cancaonova.com\/paisecatequistas\/files\/2020\/02\/pastorinhos-de-fatima-512x288.png 512w\" sizes=\"(max-width: 600px) 100vw, 600px\" \/><\/p>\n<p>Vamos Colorir<\/p>\n<p><a href=\"http:\/\/blog.cancaonova.com\/paisecatequistas\/files\/2024\/02\/jacinta-e-francisco.pdf\"><img loading=\"lazy\" decoding=\"async\" class=\" wp-image-16613 alignnone\" src=\"http:\/\/blog.cancaonova.com\/paisecatequistas\/files\/2020\/02\/Santa-Jacinta-e-S\u00e3o-Francisco-Marto-rogai-por-n\u00f3s.jpg\" alt=\"\" width=\"796\" height=\"876\" srcset=\"https:\/\/blog.cancaonova.com\/paisecatequistas\/files\/2020\/02\/Santa-Jacinta-e-S\u00e3o-Francisco-Marto-rogai-por-n\u00f3s.jpg 1000w, https:\/\/blog.cancaonova.com\/paisecatequistas\/files\/2020\/02\/Santa-Jacinta-e-S\u00e3o-Francisco-Marto-rogai-por-n\u00f3s-273x300.jpg 273w, https:\/\/blog.cancaonova.com\/paisecatequistas\/files\/2020\/02\/Santa-Jacinta-e-S\u00e3o-Francisco-Marto-rogai-por-n\u00f3s-768x845.jpg 768w\" sizes=\"(max-width: 796px) 100vw, 796px\" \/><\/a><\/p>\n<p>&nbsp;<\/p>\n<p>&nbsp;<\/p>\n<p>&nbsp;<\/p>\n<p><a href=\"http:\/\/blog.cancaonova.com\/paisecatequistas\/files\/2024\/02\/nossa-snehora-.pdf\"><img loading=\"lazy\" decoding=\"async\" class=\"size-full wp-image-9257 alignnone\" src=\"http:\/\/blog.cancaonova.com\/paisecatequistas\/files\/2020\/02\/nossa-senhora-de-fatima-para-colorir.jpg\" alt=\"\" width=\"3425\" height=\"2480\" srcset=\"https:\/\/blog.cancaonova.com\/paisecatequistas\/files\/2020\/02\/nossa-senhora-de-fatima-para-colorir.jpg 3425w, https:\/\/blog.cancaonova.com\/paisecatequistas\/files\/2020\/02\/nossa-senhora-de-fatima-para-colorir-300x217.jpg 300w, https:\/\/blog.cancaonova.com\/paisecatequistas\/files\/2020\/02\/nossa-senhora-de-fatima-para-colorir-768x556.jpg 768w\" sizes=\"(max-width: 3425px) 100vw, 3425px\" \/><\/a><\/p>\n<p>&nbsp;<\/p>\n<p>Conhe\u00e7a um pouco mais sobre eles na s\u00e9rie &#8220;Os tr\u00eas Pastorinhos de F\u00e1tima&#8221; do Can\u00e7\u00e3o Nova Kids:<\/p>\n<p><iframe loading=\"lazy\" title=\"Desenho Animado - Os Pastorinhos de F\u00c3\u00a1tima - Ep. 01\" width=\"600\" height=\"338\" src=\"https:\/\/www.youtube.com\/embed\/kF_PQYZqpug?feature=oembed&amp;rel=0\" frameborder=\"0\" allow=\"accelerometer; autoplay; clipboard-write; encrypted-media; gyroscope; picture-in-picture; web-share\" referrerpolicy=\"strict-origin-when-cross-origin\" allowfullscreen><\/iframe><\/p>\n<p><iframe loading=\"lazy\" title=\"Os Pastorinhos de Fatima -Apari\u00c3\u00a7\u00c3\u00b5es Cantinho da Crian\u00c3\u00a7a\" width=\"600\" height=\"338\" src=\"https:\/\/www.youtube.com\/embed\/s3OsyFWi9gc?feature=oembed&amp;rel=0\" frameborder=\"0\" allow=\"accelerometer; autoplay; clipboard-write; encrypted-media; gyroscope; picture-in-picture; web-share\" referrerpolicy=\"strict-origin-when-cross-origin\" allowfullscreen><\/iframe><\/p>\n<p><iframe loading=\"lazy\" title=\"Desenho Animado - Os Pastorinhos de F\u00c3\u00a1tima: Anjo da paz - Ep. 03\" width=\"600\" height=\"338\" src=\"https:\/\/www.youtube.com\/embed\/iLzIIaGvFGs?feature=oembed&amp;rel=0\" frameborder=\"0\" allow=\"accelerometer; autoplay; clipboard-write; encrypted-media; gyroscope; picture-in-picture; web-share\" referrerpolicy=\"strict-origin-when-cross-origin\" allowfullscreen><\/iframe><\/p>\n<p><iframe loading=\"lazy\" title=\"Desenho animado - Os Pastorinhos de F\u00c3\u00a1tima:  Segunda Apari\u00c3\u00a7\u00c3\u00a3o do anjo - Ep. 04\" width=\"600\" height=\"338\" src=\"https:\/\/www.youtube.com\/embed\/EFmKgAbtQG8?feature=oembed&amp;rel=0\" frameborder=\"0\" allow=\"accelerometer; autoplay; clipboard-write; encrypted-media; gyroscope; picture-in-picture; web-share\" referrerpolicy=\"strict-origin-when-cross-origin\" allowfullscreen><\/iframe><\/p>\n<p><iframe loading=\"lazy\" title=\"Desenho Animado - Os Pastorinhos de F\u00c3\u00a1tima: Terceira Apari\u00c3\u00a7\u00c3\u00a3o do Anjo - Ep.  05\" width=\"600\" height=\"338\" src=\"https:\/\/www.youtube.com\/embed\/4shcsvMNYT8?feature=oembed&amp;rel=0\" frameborder=\"0\" allow=\"accelerometer; autoplay; clipboard-write; encrypted-media; gyroscope; picture-in-picture; web-share\" referrerpolicy=\"strict-origin-when-cross-origin\" allowfullscreen><\/iframe><\/p>\n","protected":false},"excerpt":{"rendered":"<p>Eram 2 dos 3 pastorinhos: L\u00facia com 10 anos; Francisco com 9 e Jacinta com 7 anos. Eram crian\u00e7as simples e de cora\u00e7\u00e3o puro, que ficaram conhecidas pelo mundo todo at\u00e9 os dias atuais por serem escolhidos por Nossa Senhora, em F\u00e1tima, como testemunhas privilegiadas das apari\u00e7\u00f5es na Cova da Iria, por 6 vezes, em Portugal, no ano de 1917. <a href=\"https:\/\/blog.cancaonova.com\/paisecatequistas\/francisco-e-jacinta-marto-rogai-por-nos\/\">Continue lendo <span class=\"meta-nav\">&rarr;<\/span><\/a><\/p>\n","protected":false},"author":4414,"featured_media":16602,"comment_status":"open","ping_status":"open","sticky":false,"template":"","format":"standard","meta":{"_mi_skip_tracking":false,"_monsterinsights_sitenote_active":false,"_monsterinsights_sitenote_note":"","_monsterinsights_sitenote_category":0,"footnotes":""},"categories":[16089,5881,18984,271,2621,15641],"tags":[192545,38,23870,6351,15521,26984,15161,35411,192548,15792,15975,6851,40,721,9711,84495,57442,16686,3,18681,221,18698,4771,17273,19413,16140],"_links":{"self":[{"href":"https:\/\/blog.cancaonova.com\/paisecatequistas\/wp-json\/wp\/v2\/posts\/9251"}],"collection":[{"href":"https:\/\/blog.cancaonova.com\/paisecatequistas\/wp-json\/wp\/v2\/posts"}],"about":[{"href":"https:\/\/blog.cancaonova.com\/paisecatequistas\/wp-json\/wp\/v2\/types\/post"}],"author":[{"embeddable":true,"href":"https:\/\/blog.cancaonova.com\/paisecatequistas\/wp-json\/wp\/v2\/users\/4414"}],"replies":[{"embeddable":true,"href":"https:\/\/blog.cancaonova.com\/paisecatequistas\/wp-json\/wp\/v2\/comments?post=9251"}],"version-history":[{"count":8,"href":"https:\/\/blog.cancaonova.com\/paisecatequistas\/wp-json\/wp\/v2\/posts\/9251\/revisions"}],"predecessor-version":[{"id":16622,"href":"https:\/\/blog.cancaonova.com\/paisecatequistas\/wp-json\/wp\/v2\/posts\/9251\/revisions\/16622"}],"wp:featuredmedia":[{"embeddable":true,"href":"https:\/\/blog.cancaonova.com\/paisecatequistas\/wp-json\/wp\/v2\/media\/16602"}],"wp:attachment":[{"href":"https:\/\/blog.cancaonova.com\/paisecatequistas\/wp-json\/wp\/v2\/media?parent=9251"}],"wp:term":[{"taxonomy":"category","embeddable":true,"href":"https:\/\/blog.cancaonova.com\/paisecatequistas\/wp-json\/wp\/v2\/categories?post=9251"},{"taxonomy":"post_tag","embeddable":true,"href":"https:\/\/blog.cancaonova.com\/paisecatequistas\/wp-json\/wp\/v2\/tags?post=9251"}],"curies":[{"name":"wp","href":"https:\/\/api.w.org\/{rel}","templated":true}]}}