{"id":928,"date":"2014-10-02T09:00:47","date_gmt":"2014-10-02T11:00:47","guid":{"rendered":"http:\/\/blog.cancaonova.com\/paisecatequistas\/?p=928"},"modified":"2014-10-01T10:00:27","modified_gmt":"2014-10-01T12:00:27","slug":"anjo-da-guarda-um-amigo-precioso","status":"publish","type":"post","link":"https:\/\/blog.cancaonova.com\/paisecatequistas\/anjo-da-guarda-um-amigo-precioso\/","title":{"rendered":"Anjo da Guarda, um amigo precioso."},"content":{"rendered":"<p>Ol\u00e1 catequista, hoje estamos com uma forma\u00e7\u00e3o para as fam\u00edlia, sobre nosso anjo da guarda<\/p>\n<p style=\"text-align: justify\">O anjo da guarda \u00e9 nosso amigo, nosso protetor, nosso melhor aliado em tudo: fica feliz quando permitimos que tome conta de n\u00f3s.<\/p>\n<p style=\"text-align: justify\">Quem, ao contr\u00e1rio, vive em estreita comunica\u00e7\u00e3o com seu anjo da guarda, encontra nele um amigo muito precioso e poderoso, que pode ser extremamente \u00fatil.<\/p>\n<p style=\"text-align: justify\">Todo homem, seja crist\u00e3o ou n\u00e3o crist\u00e3o, diz ainda s\u00e3o Tom\u00e1s, tem um anjo da guarda que nunca o abandona, nem mesmo se \u00e9 um grande pecador.<\/p>\n<p style=\"text-align: justify\">Nosso anjo permanece conosco sempre, do primeiro ao \u00faltimo instante de nossa vida, sem nunca afastar-se. Nosso anjo n\u00e3o \u00e9 apenas um defensor; \u00e9 tamb\u00e9m um animador. Faz todo o poss\u00edvel para nos ajudar e p\u00f5e \u00e1 nossa disposi\u00e7\u00e3o sua intelig\u00eancia e sua ci\u00eancia, sua previd\u00eancia, seu poder, o cr\u00e9dito de que desfruta diante de Deus, desejoso de empregar tudo isso em nosso favor.\u00a0 Ele esta ao nosso lado, perto de n\u00f3s, para nosso bem, a nosso servi\u00e7o. \u00c9 um verdadeiro servidor que o Pai nos enviou. Toda dedica\u00e7\u00e3o, inspira-nos total confian\u00e7a. Quer apenas dar, sem nada receber.<\/p>\n<p>Texto: Livro: Para Falar de Anjos &#8211; Edi\u00e7\u00f5es Loyola<\/p>\n<p style=\"text-align: center\"><a href=\"http:\/\/blog.cancaonova.com\/paisecatequistas\/files\/2009\/09\/ad15.jpg\"><img loading=\"lazy\" decoding=\"async\" class=\"alignnone size-full wp-image-930\" src=\"http:\/\/blog.cancaonova.com\/paisecatequistas\/files\/2009\/09\/ad15.jpg\" alt=\"\" width=\"400\" height=\"400\" \/><\/a><\/p>\n","protected":false},"excerpt":{"rendered":"<p>Ol\u00e1 catequista, hoje estamos com uma forma\u00e7\u00e3o para as fam\u00edlia, sobre nosso anjo da guarda O anjo da guarda \u00e9 nosso amigo, nosso protetor, nosso melhor aliado em tudo: fica feliz quando permitimos que tome conta de n\u00f3s. Quem, ao&#8230;<\/p>\n","protected":false},"author":4340,"featured_media":0,"comment_status":"open","ping_status":"open","sticky":false,"template":"","format":"standard","meta":{"_mi_skip_tracking":false,"_monsterinsights_sitenote_active":false,"_monsterinsights_sitenote_note":"","_monsterinsights_sitenote_category":0,"footnotes":""},"categories":[23],"tags":[17119,20890,40,96781],"_links":{"self":[{"href":"https:\/\/blog.cancaonova.com\/paisecatequistas\/wp-json\/wp\/v2\/posts\/928"}],"collection":[{"href":"https:\/\/blog.cancaonova.com\/paisecatequistas\/wp-json\/wp\/v2\/posts"}],"about":[{"href":"https:\/\/blog.cancaonova.com\/paisecatequistas\/wp-json\/wp\/v2\/types\/post"}],"author":[{"embeddable":true,"href":"https:\/\/blog.cancaonova.com\/paisecatequistas\/wp-json\/wp\/v2\/users\/4340"}],"replies":[{"embeddable":true,"href":"https:\/\/blog.cancaonova.com\/paisecatequistas\/wp-json\/wp\/v2\/comments?post=928"}],"version-history":[{"count":12,"href":"https:\/\/blog.cancaonova.com\/paisecatequistas\/wp-json\/wp\/v2\/posts\/928\/revisions"}],"predecessor-version":[{"id":3232,"href":"https:\/\/blog.cancaonova.com\/paisecatequistas\/wp-json\/wp\/v2\/posts\/928\/revisions\/3232"}],"wp:attachment":[{"href":"https:\/\/blog.cancaonova.com\/paisecatequistas\/wp-json\/wp\/v2\/media?parent=928"}],"wp:term":[{"taxonomy":"category","embeddable":true,"href":"https:\/\/blog.cancaonova.com\/paisecatequistas\/wp-json\/wp\/v2\/categories?post=928"},{"taxonomy":"post_tag","embeddable":true,"href":"https:\/\/blog.cancaonova.com\/paisecatequistas\/wp-json\/wp\/v2\/tags?post=928"}],"curies":[{"name":"wp","href":"https:\/\/api.w.org\/{rel}","templated":true}]}}