{"id":932,"date":"2011-10-11T09:00:43","date_gmt":"2011-10-11T11:00:43","guid":{"rendered":"http:\/\/blog.cancaonova.com\/paisecatequistas\/?p=932"},"modified":"2011-10-19T10:41:41","modified_gmt":"2011-10-19T12:41:41","slug":"viva-padroeira-do-brasil","status":"publish","type":"post","link":"https:\/\/blog.cancaonova.com\/paisecatequistas\/viva-padroeira-do-brasil\/","title":{"rendered":"Viva Padroeira do Brasil"},"content":{"rendered":"<p>Ol\u00e1 catequista a\u00a0paz de Jesus.<br \/>\nEstaremos nestes dias postando a Novena em honra a Nossa Senhora Aparecida.<\/p>\n<p style=\"text-align: justify\">Voc\u00ea j\u00e1 conhece o Santu\u00e1rio Nacional dedicado a ela? Fica localizado no Vale do Paraiba na cidade de Aparecida\/SP. Se voc\u00ea ainda n\u00e3o conhece,\u00a0vale a pena visita-lo. Quem sabe organizar uma caravana e trazer seus catequizandos&#8230; fica como sugest\u00e3o neste m\u00eas dedicado a ela e as crian\u00e7as.<\/p>\n<p style=\"text-align: center\">\u00a0<a href=\"http:\/\/blog.cancaonova.com\/paisecatequistas\/files\/2009\/09\/devoac2a7ac2b5es-marianas-nossa-senhora-aparecida.jpg\"><img loading=\"lazy\" decoding=\"async\" class=\"alignnone size-full wp-image-933\" src=\"http:\/\/blog.cancaonova.com\/paisecatequistas\/files\/2009\/09\/devoac2a7ac2b5es-marianas-nossa-senhora-aparecida.jpg\" alt=\"\" width=\"400\" height=\"300\" \/><\/a><\/p>\n<h1 style=\"text-align: center\">\u00a0<a title=\"Novena \" href=\"http:\/\/blog.cancaonova.com\/paisecatequistas\/files\/2009\/09\/novena-a-nossa-senhora-aparecida.doc\" target=\"_blank\">CLIQUE AQUI!<\/a><\/h1>\n","protected":false},"excerpt":{"rendered":"<p>Ol\u00e1 catequista a\u00a0paz de Jesus. Estaremos nestes dias postando a Novena em honra a Nossa Senhora Aparecida. Voc\u00ea j\u00e1 conhece o Santu\u00e1rio Nacional dedicado a ela? Fica localizado no Vale do Paraiba na cidade de Aparecida\/SP. Se voc\u00ea ainda n\u00e3o&#8230;<\/p>\n","protected":false},"author":4340,"featured_media":0,"comment_status":"open","ping_status":"open","sticky":false,"template":"","format":"standard","meta":{"_mi_skip_tracking":false,"_monsterinsights_sitenote_active":false,"_monsterinsights_sitenote_note":"","_monsterinsights_sitenote_category":0,"footnotes":""},"categories":[23],"tags":[19641,92384,12951],"_links":{"self":[{"href":"https:\/\/blog.cancaonova.com\/paisecatequistas\/wp-json\/wp\/v2\/posts\/932"}],"collection":[{"href":"https:\/\/blog.cancaonova.com\/paisecatequistas\/wp-json\/wp\/v2\/posts"}],"about":[{"href":"https:\/\/blog.cancaonova.com\/paisecatequistas\/wp-json\/wp\/v2\/types\/post"}],"author":[{"embeddable":true,"href":"https:\/\/blog.cancaonova.com\/paisecatequistas\/wp-json\/wp\/v2\/users\/4340"}],"replies":[{"embeddable":true,"href":"https:\/\/blog.cancaonova.com\/paisecatequistas\/wp-json\/wp\/v2\/comments?post=932"}],"version-history":[{"count":6,"href":"https:\/\/blog.cancaonova.com\/paisecatequistas\/wp-json\/wp\/v2\/posts\/932\/revisions"}],"predecessor-version":[{"id":3117,"href":"https:\/\/blog.cancaonova.com\/paisecatequistas\/wp-json\/wp\/v2\/posts\/932\/revisions\/3117"}],"wp:attachment":[{"href":"https:\/\/blog.cancaonova.com\/paisecatequistas\/wp-json\/wp\/v2\/media?parent=932"}],"wp:term":[{"taxonomy":"category","embeddable":true,"href":"https:\/\/blog.cancaonova.com\/paisecatequistas\/wp-json\/wp\/v2\/categories?post=932"},{"taxonomy":"post_tag","embeddable":true,"href":"https:\/\/blog.cancaonova.com\/paisecatequistas\/wp-json\/wp\/v2\/tags?post=932"}],"curies":[{"name":"wp","href":"https:\/\/api.w.org\/{rel}","templated":true}]}}