{"id":9370,"date":"2020-03-17T09:00:33","date_gmt":"2020-03-17T11:00:33","guid":{"rendered":"http:\/\/blog.cancaonova.com\/paisecatequistas\/?p=9370"},"modified":"2025-01-07T12:09:28","modified_gmt":"2025-01-07T14:09:28","slug":"poder-da-oracao-pessoal-em-familia-e-comunitaria","status":"publish","type":"post","link":"https:\/\/blog.cancaonova.com\/paisecatequistas\/poder-da-oracao-pessoal-em-familia-e-comunitaria\/","title":{"rendered":"Poder da Ora\u00e7\u00e3o pessoal, em fam\u00edlia e comunit\u00e1ria."},"content":{"rendered":"<p>O poder da ora\u00e7\u00e3o pessoal, em fam\u00edlia e comunit\u00e1ria vai muito al\u00e9m daquilo que n\u00f3s imaginamos.<\/p>\n<div id=\"attachment_9387\" style=\"width: 1009px\" class=\"wp-caption aligncenter\"><img loading=\"lazy\" decoding=\"async\" aria-describedby=\"caption-attachment-9387\" class=\"wp-image-9387 size-full\" src=\"http:\/\/blog.cancaonova.com\/paisecatequistas\/files\/2020\/03\/familias-rezando.jpg\" alt=\"\" width=\"999\" height=\"720\" srcset=\"https:\/\/blog.cancaonova.com\/paisecatequistas\/files\/2020\/03\/familias-rezando.jpg 999w, https:\/\/blog.cancaonova.com\/paisecatequistas\/files\/2020\/03\/familias-rezando-300x216.jpg 300w, https:\/\/blog.cancaonova.com\/paisecatequistas\/files\/2020\/03\/familias-rezando-768x554.jpg 768w\" sizes=\"(max-width: 999px) 100vw, 999px\" \/><p id=\"caption-attachment-9387\" class=\"wp-caption-text\">&#8220;O amor \u00e9 a verdadeira fonte da unidade e da for\u00e7a da fam\u00edlia, juntamente com a ora\u00e7\u00e3o&#8221; Papa Jo\u00e3o Paulo II<\/p><\/div>\n<p>Se enxerg\u00e1ssemos com olhos espirituais, ver\u00edamos o combate constante entre o bem e o mal ao nosso redor, ver\u00edamos os anjos do Senhor combatendo ao nosso favor, e ver\u00edamos tamb\u00e9m os anjos maus combatendo para nossa perdi\u00e7\u00e3o.<\/p>\n<div id=\"attachment_9471\" style=\"width: 310px\" class=\"wp-caption aligncenter\"><img loading=\"lazy\" decoding=\"async\" aria-describedby=\"caption-attachment-9471\" class=\"wp-image-9471 size-large\" src=\"http:\/\/blog.cancaonova.com\/paisecatequistas\/files\/2020\/03\/corpo-post-m\u00e9dio-2-300x300.jpg\" alt=\"\" width=\"300\" height=\"300\" srcset=\"https:\/\/blog.cancaonova.com\/paisecatequistas\/files\/2020\/03\/corpo-post-m\u00e9dio-2.jpg 300w, https:\/\/blog.cancaonova.com\/paisecatequistas\/files\/2020\/03\/corpo-post-m\u00e9dio-2-150x150.jpg 150w\" sizes=\"(max-width: 300px) 100vw, 300px\" \/><p id=\"caption-attachment-9471\" class=\"wp-caption-text\">Crian\u00e7as em Adora\u00e7\u00e3o ao Sant\u00edssimo Sacramento<\/p><\/div>\n<p>Neste momento onde o mundo todo est\u00e1 com os olhos voltados para a pandemia de um v\u00edrus, como crist\u00e3os, como homens e mulheres de f\u00e9, devemos fixar nossos olhos em Jesus Cristo, na esperan\u00e7a, na f\u00e9 e na ora\u00e7\u00e3o pessoal, em fam\u00edlia e comunit\u00e1ria.<\/p>\n<p><img loading=\"lazy\" decoding=\"async\" class=\"size-full wp-image-9469 alignleft\" src=\"http:\/\/blog.cancaonova.com\/paisecatequistas\/files\/2020\/03\/corpo-post-m\u00e9dio-1.jpg\" alt=\"\" width=\"300\" height=\"300\" srcset=\"https:\/\/blog.cancaonova.com\/paisecatequistas\/files\/2020\/03\/corpo-post-m\u00e9dio-1.jpg 300w, https:\/\/blog.cancaonova.com\/paisecatequistas\/files\/2020\/03\/corpo-post-m\u00e9dio-1-150x150.jpg 150w\" sizes=\"(max-width: 300px) 100vw, 300px\" \/><\/p>\n<p>&#8220;Na hist\u00f3ria do povo de Deus diante das pestes e epidemias para muitos a ora\u00e7\u00e3o sempre foi a primeira resposta. Dela vem nosso aux\u00edlio e prote\u00e7\u00e3o diante dos males. Tempo de precau\u00e7\u00e3o e ora\u00e7\u00e3o!&#8221;<\/p>\n<p>Jesus tinha o costume de rezar em comunidade todos os s\u00e1bados (Lc 4,16), o de ir as romarias pascais (Lc 2,41-52), de ir nas festas das Tendas (Jo 5,1-9; 7,1-14), mas tamb\u00e9m tinha o costume de fazer sua ora\u00e7\u00e3o pessoal todos os dias\u00a0(Lc 22,39) e principalmente nas decis\u00f5es importantes como na escolha dos Ap\u00f3stolos\u00a0(Lc 6,12-16).<\/p>\n<p>&nbsp;<\/p>\n<p>Aqui na Can\u00e7\u00e3o Nova, temos v\u00e1rios livros que a fam\u00edlia pode rezar junto, em comunidade, ou que ensina a ora\u00e7\u00e3o pessoal, como o <a href=\"https:\/\/loja.cancaonova.com\/infantojuvenil\/categorias\/livros\/livro-clube-do-jonas-em-criancas-tambem-rezam\">&#8220;Clubinho do Jonas em: Crian\u00e7as tamb\u00e9m rezam&#8221;\u00a0\u00a0<\/a>\u00a0<a href=\"https:\/\/loja.cancaonova.com\/infantojuvenil\/categorias\/livros\/livro-aprendendo-a-viver-a-santa-missa\">&#8220;Aprendendo a Viver a Santa Missa&#8221;<\/a>,\u00a0\u00a0\u00a0<a href=\"https:\/\/loja.cancaonova.com\/infantojuvenil\/categorias\/livros\/livro-s-o-miguel-batalha-real-infantil\">&#8220;S\u00e3o Miguel, batalha real&#8221;<\/a> , <a href=\"https:\/\/loja.cancaonova.com\/infantojuvenil\/categorias\/livros\/livro-meu-livro-de-oracoes\">&#8220;Meu Livro de Ora\u00e7\u00f5es&#8221;<\/a>\u00a0,\u00a0\u00a0\u00a0<a href=\"https:\/\/loja.cancaonova.com\/infantojuvenil\/categorias\/livros\/livro-santa-rita-a-santinha-das-causas-impossiveis\">&#8220;Rita de Cassia, a Santinha das causas imposs\u00edveis&#8221;<\/a> ,\u00a0entre outros muito legais! Acesse <a href=\"https:\/\/loja.cancaonova.com\/infantojuvenil\">Loja.cancaonova.com<\/a> e veja quanta coisa boa temos para rezar em fam\u00edlia, em comunidade e na ora\u00e7\u00e3o pessoal com Jesus!<\/p>\n<p>Veja abaixo esta sugest\u00e3o bem legal para aplicar na Catequese, ou mesmo em casa com seus filhos, uma din\u00e2mica sobre a ora\u00e7\u00e3o:<\/p>\n<div id=\"attachment_9472\" style=\"width: 610px\" class=\"wp-caption aligncenter\"><img loading=\"lazy\" decoding=\"async\" aria-describedby=\"caption-attachment-9472\" class=\"wp-image-9472 size-large\" src=\"http:\/\/blog.cancaonova.com\/paisecatequistas\/files\/2020\/03\/corpo-do-post-3-600x300.jpg\" alt=\"\" width=\"600\" height=\"300\" srcset=\"https:\/\/blog.cancaonova.com\/paisecatequistas\/files\/2020\/03\/corpo-do-post-3-600x300.jpg 600w, https:\/\/blog.cancaonova.com\/paisecatequistas\/files\/2020\/03\/corpo-do-post-3-300x150.jpg 300w, https:\/\/blog.cancaonova.com\/paisecatequistas\/files\/2020\/03\/corpo-do-post-3-150x75.jpg 150w\" sizes=\"(max-width: 600px) 100vw, 600px\" \/><p id=\"caption-attachment-9472\" class=\"wp-caption-text\">Padre Carlos em Adora\u00e7\u00e3o com crian\u00e7as<\/p><\/div>\n<p><strong style=\"text-align: center\">Din\u00e2mica Sobre Ora\u00e7\u00e3o Infantil \u2013 Por que Deus n\u00e3o me responde?<\/strong><\/p>\n<p style=\"text-align: left\">Pergunte aos catequizandos: Por que temos que orar?<\/p>\n<p style=\"text-align: left\">Resposta: Devemos sempre orar, pois a ora\u00e7\u00e3o \u00e9 a\u00a0comunica\u00e7\u00e3o\u00a0que temos com Deus. Deus \u00e9 o nosso amigo\u00a0e mesmo que n\u00e3o conseguimos enxerg\u00e1-lo devemos crer que ele pode nos ouvir, assim como nossos amigos. Pode parecer estranho no come\u00e7o, mas\u00a0conversar com Deus \u00e9 t\u00e3o bom!<\/p>\n<p style=\"text-align: left\">\u00a0Deus nos ouve com\u00a0muito carinho, e quando estamos ajoelhados falando com o papai do c\u00e9u sentimos uma\u00a0grande paz em nosso cora\u00e7\u00e3o. N\u00f3s podemos\u00a0falar sobre tudo\u00a0com Deus, afinal de contas ele \u00e9 o nosso melhor amigo.<\/p>\n<p style=\"text-align: left\">Ele entregou o seu \u00fanico filho Jesus para morrer para nos salvar, portanto\u00a0Deus nos ama\u00a0incondicionalmente e devemos saber disso e\u00a0agradecer sempre\u00a0por Deus ter feito isso. Mas por que \u00e0s vezes eu oro e Deus n\u00e3o responde? Deus sempre nos ouve, a palavra de Deus nos diz que os ouvidos do Senhor est\u00e3o inclinados para ouvir o nosso clamor:<\/p>\n<p style=\"text-align: left\">\u201cPorque os olhos do Senhor est\u00e3o sobre os justos e seus ouvidos est\u00e3o atentos \u00e0s suas ora\u00e7\u00f5es\u201d\u00a0(I Pedro 3, 12a)<\/p>\n<h4 style=\"text-align: center\">Como fazer a Din\u00e2mica Sobre Ora\u00e7\u00e3o Infantil?<\/h4>\n<p><em>(Neste momento pegue um saco de doces, pode ser pirulito, balas ou bombons e mostre para toda a turma) &#8211;\u00a0<\/em>\u201cVejam este saco de doces, parece ser muito bom, n\u00e3o \u00e9 mesmo? Quem quiser um doce, pode se levantar com calma e vir at\u00e9 mim e pedir educadamente por um doce.\u201d<\/p>\n<p>Com certeza, seus alunos ir\u00e3o se levantar e vir at\u00e9 voc\u00ea, por\u00e9m voc\u00ea deve dar as seguintes respostas \u00e0 eles:<\/p>\n<ul>\n<li><strong>Tome aqui seu doce<\/strong><\/li>\n<li><strong>Depois eu te dou o doce<\/strong><\/li>\n<li><strong>N\u00e3o vou te dar o doce agora<\/strong><\/li>\n<\/ul>\n<p>(Nem todas as crian\u00e7as ter\u00e3o um doce, mesmo que pediram educadamente e seguiram as suas ordens. As crian\u00e7as que n\u00e3o ganharam o doce\u00a0ficar\u00e3o tristes, pois queriam o doce.).<\/p>\n<p>Pergunte a quem n\u00e3o ganhou o doce, se gostou. \u00c9 neste momento que voc\u00ea come\u00e7a \u00e0\u00a0ensinar aos seus catequizandos sobre a ora\u00e7\u00e3o, para que entendam porque Deus n\u00e3o responde\u00a0algumas de nossas ora\u00e7\u00f5es.<\/p>\n<h4 style=\"text-align: center\">Aplica\u00e7\u00e3o da\u00a0Din\u00e2mica Sobre Ora\u00e7\u00e3o Infantil<\/h4>\n<p>Sabiam que d\u00e1 mesma forma que voc\u00eas vieram at\u00e9 mim e pediram um doce, da mesma forma acontece com Deus. Pois \u00e9, \u00e0s vezes n\u00f3s<strong>\u00a0<\/strong>queremos muito algo, como agora que voc\u00eas queriam muito o doce.<\/p>\n<p>Ent\u00e3o voc\u00eas v\u00e3o at\u00e9 Deus e pedem algo, como um\u00a0<strong>videogame, uma boneca, um celular, a cura da sua av\u00f3<\/strong><em><strong>\u00a0(\u00e9 importante que voc\u00ea fale sobre coisas pertinentes \u00e0 idades de seus alunos, ao ambiente em que vivem e \u00e0 sua realidade que voc\u00ea certamente conhece).<\/strong><\/em> E voc\u00eas\u00a0<strong>oram com f\u00e9<\/strong>, pedem com educa\u00e7\u00e3o, mas parece que Deus n\u00e3o ouviu, porque faz tanto tempo e Deus ainda n\u00e3o respondeu.<\/p>\n<p>Mas sabe o que acontece? E que Deus conhece o\u00a0passado, o futuro e o presente!<\/p>\n<p>Ele sabe o que \u00e9\u00a0melhor para voc\u00ea, e talvez o que voc\u00ea tanto ora pedindo \u00e0 Deus pode ser que Deus ainda n\u00e3o te respondeu porque voc\u00ea ainda\u00a0n\u00e3o est\u00e1 pronto\u00a0para receber o que est\u00e1 pedindo.<\/p>\n<p>Deus conhece a\u00a0inten\u00e7\u00e3o do seu cora\u00e7\u00e3o, Ele sabe o que verdadeiramente\u00a0voc\u00ea quer\u00a0o que\u00a0voc\u00ea precisa. N\u00e3o \u00e9 que Deus n\u00e3o responde suas ora\u00e7\u00f5es, e voc\u00ea que n\u00e3o est\u00e1 preparado para receber o que tanto pede.<\/p>\n<p>Por exemplo se voc\u00ea pediu a Deus um celular, e ele conceder \u00e0 voc\u00ea este celular, voc\u00ea pode esquecer de ler a b\u00edblia, orar e vir na igreja e ficar grudado no celular o dia todo.<\/p>\n<p style=\"text-align: center\"><strong>Deus nos conhece e ele sabe o que \u00e9 melhor para n\u00f3s! Ent\u00e3o Oremos \u00e0 Ele com toda a confian\u00e7a, porque vai valer muito!<\/strong><\/p>\n<p>&nbsp;<\/p>\n","protected":false},"excerpt":{"rendered":"<p>O Poder da Ora\u00e7\u00e3o pessoal, em fam\u00edlia e comunit\u00e1ria vai muito al\u00e9m daquilo que n\u00f3s imaginamos. Se enxerg\u00e1ssemos com olhos espirituais, ver\u00edamos o combate constante entre o bem e o mal ao nosso redor. <a href=\"https:\/\/blog.cancaonova.com\/paisecatequistas\/poder-da-oracao-pessoal-em-familia-e-comunitaria\/\">Continue lendo <span class=\"meta-nav\">&rarr;<\/span><\/a><\/p>\n","protected":false},"author":4414,"featured_media":9498,"comment_status":"closed","ping_status":"closed","sticky":false,"template":"","format":"standard","meta":{"_mi_skip_tracking":false,"_monsterinsights_sitenote_active":false,"_monsterinsights_sitenote_note":"","_monsterinsights_sitenote_category":0,"footnotes":""},"categories":[16089,27817,2881],"tags":[38,16672,6351,15521,17108,26984,15161,24021,165645,15792,17340,6851,40,721,57442,221,261,13371,17014,19101],"_links":{"self":[{"href":"https:\/\/blog.cancaonova.com\/paisecatequistas\/wp-json\/wp\/v2\/posts\/9370"}],"collection":[{"href":"https:\/\/blog.cancaonova.com\/paisecatequistas\/wp-json\/wp\/v2\/posts"}],"about":[{"href":"https:\/\/blog.cancaonova.com\/paisecatequistas\/wp-json\/wp\/v2\/types\/post"}],"author":[{"embeddable":true,"href":"https:\/\/blog.cancaonova.com\/paisecatequistas\/wp-json\/wp\/v2\/users\/4414"}],"replies":[{"embeddable":true,"href":"https:\/\/blog.cancaonova.com\/paisecatequistas\/wp-json\/wp\/v2\/comments?post=9370"}],"version-history":[{"count":10,"href":"https:\/\/blog.cancaonova.com\/paisecatequistas\/wp-json\/wp\/v2\/posts\/9370\/revisions"}],"predecessor-version":[{"id":18471,"href":"https:\/\/blog.cancaonova.com\/paisecatequistas\/wp-json\/wp\/v2\/posts\/9370\/revisions\/18471"}],"wp:featuredmedia":[{"embeddable":true,"href":"https:\/\/blog.cancaonova.com\/paisecatequistas\/wp-json\/wp\/v2\/media\/9498"}],"wp:attachment":[{"href":"https:\/\/blog.cancaonova.com\/paisecatequistas\/wp-json\/wp\/v2\/media?parent=9370"}],"wp:term":[{"taxonomy":"category","embeddable":true,"href":"https:\/\/blog.cancaonova.com\/paisecatequistas\/wp-json\/wp\/v2\/categories?post=9370"},{"taxonomy":"post_tag","embeddable":true,"href":"https:\/\/blog.cancaonova.com\/paisecatequistas\/wp-json\/wp\/v2\/tags?post=9370"}],"curies":[{"name":"wp","href":"https:\/\/api.w.org\/{rel}","templated":true}]}}