{"id":9447,"date":"2024-03-19T00:00:33","date_gmt":"2024-03-19T02:00:33","guid":{"rendered":"http:\/\/blog.cancaonova.com\/paisecatequistas\/?p=9447"},"modified":"2024-03-14T12:53:34","modified_gmt":"2024-03-14T14:53:34","slug":"sao-jose-modelo-para-os-homens-de-hoje","status":"publish","type":"post","link":"https:\/\/blog.cancaonova.com\/paisecatequistas\/sao-jose-modelo-para-os-homens-de-hoje\/","title":{"rendered":"S\u00e3o Jos\u00e9, modelo para os crist\u00e3os"},"content":{"rendered":"<h3 style=\"text-align: left\"><strong>Voc\u00ea sabe quem foi Jos\u00e9 de Nazar\u00e9?<\/strong><\/h3>\n<p>Em uma pequena cidade da Palestina, chamada Nazar\u00e9, vivia um homem chamado Jos\u00e9.<\/p>\n<p>Foi ele quem Deus escolheu para ser o pai adotivo de Jesus, mas ele n\u00e3o era um homem qualquer, se destacava pelo cora\u00e7\u00e3o puro e orante.<\/p>\n<p>Jos\u00e9 era superobediente e um homem de f\u00e9.<\/p>\n<h3>Um dia de festa!<\/h3>\n<p>Sua festa \u00e9 dia 19 de mar\u00e7o. Assim como Jos\u00e9 cuidou de sua fam\u00edlia, ele tamb\u00e9m cuida de n\u00f3s e intercede por todos os crist\u00e3os que pedem a sua ajuda. Ele tamb\u00e9m \u00e9 considerado o protetor da boa morte, pois morreu na doce companhia de Jesus e Maria.<\/p>\n<h3>Jos\u00e9 trabalhador<\/h3>\n<p>Jos\u00e9 ensinou Jesus a trabalhar, antes d&#8217;Ele come\u00e7ar Sua vida p\u00fablica. Por isso, S\u00e3o Jos\u00e9 tamb\u00e9m \u00e9 o padroeiro dos trabalhadores.<\/p>\n<p>Jesus, ao trabalhar, mostrou a todos n\u00f3s que o trabalho ajuda o ser humano a colocar em pr\u00e1tica todo o amor que temos para dar.<\/p>\n<h3>Justo e Fiel<\/h3>\n<p>Esposo da Virgem Maria, pai adotivo de Jesus, protetor das fam\u00edlias, defensor da Igreja. terror dos dem\u00f4nios&#8230; Assim \u00e9 S\u00e3o Jos\u00e9!<\/p>\n<p><iframe loading=\"lazy\" title=\"S\u00c3\u00a3o Jos\u00c3\u00a9, justo e fiel \/ Sarah Sabar\u00c3\u00a1 (Clipe Oficial)\" width=\"600\" height=\"338\" src=\"https:\/\/www.youtube.com\/embed\/m8WZR2M6AtM?list=PL4D4FA9FC2E0C1B67&amp;rel=0\" frameborder=\"0\" allow=\"accelerometer; autoplay; clipboard-write; encrypted-media; gyroscope; picture-in-picture; web-share\" referrerpolicy=\"strict-origin-when-cross-origin\" allowfullscreen><\/iframe><\/p>\n<p>J\u00e1 contamos um pouquinho da hist\u00f3ria de S\u00e3o Jos\u00e9 e j\u00e1 rezamos; agora, segue uma atividade bem legal para nossas crian\u00e7as:<\/p>\n<p><a href=\"https:\/\/blog.cancaonova.com\/paisecatequistas\/files\/2024\/03\/cruzdinha-sao-jose.pdf\"><img loading=\"lazy\" decoding=\"async\" class=\"wp-image-16899 alignnone\" src=\"http:\/\/blog.cancaonova.com\/paisecatequistas\/files\/2023\/03\/cruzadinha-s\u00e3o-jose.jpg\" alt=\"\" width=\"773\" height=\"989\" srcset=\"https:\/\/blog.cancaonova.com\/paisecatequistas\/files\/2023\/03\/cruzadinha-s\u00e3o-jose.jpg 1413w, https:\/\/blog.cancaonova.com\/paisecatequistas\/files\/2023\/03\/cruzadinha-s\u00e3o-jose-234x300.jpg 234w, https:\/\/blog.cancaonova.com\/paisecatequistas\/files\/2023\/03\/cruzadinha-s\u00e3o-jose-768x983.jpg 768w\" sizes=\"(max-width: 773px) 100vw, 773px\" \/><\/a><\/p>\n<p>Assista a esta prega\u00e7\u00e3o do nosso fundador, Monsenhor Jonas Abib com o tema:<\/p>\n<p><strong>&#8220;Jos\u00e9, modelo para os homens de hoje!&#8221;<\/strong><\/p>\n<p><iframe loading=\"lazy\" title=\"Jos\u00c3\u00a9, modelo para os homens de hoje - Mons. Jonas Abib (10\/07\/93)\" width=\"600\" height=\"338\" src=\"https:\/\/www.youtube.com\/embed\/Rh9Qekg5qW8?feature=oembed&amp;rel=0\" frameborder=\"0\" allow=\"accelerometer; autoplay; clipboard-write; encrypted-media; gyroscope; picture-in-picture; web-share\" referrerpolicy=\"strict-origin-when-cross-origin\" allowfullscreen><\/iframe><\/p>\n<ul>\n<li>Livro para download: <a href=\"http:\/\/blog.cancaonova.com\/paisecatequistas\/2023\/05\/01\/livro-das-virtudes-de-sao-jose-para-colorir\/\">As virtudes de S\u00e3o Jos\u00e9 &#8211;\u00a0 para colorir<\/a><\/li>\n<\/ul>\n<p>&nbsp;<\/p>\n<p style=\"text-align: right\">\n","protected":false},"excerpt":{"rendered":"<p>Aqui na Can\u00e7\u00e3o Nova, somos muito devotos de S\u00e3o Jos\u00e9! Nossa Senhora fala, em diversas apari\u00e7\u00f5es, que em tempos dif\u00edceis, devemos recorrer \u00e0 intercess\u00e3o de S\u00e3o Jos\u00e9<br \/>\n <a href=\"https:\/\/blog.cancaonova.com\/paisecatequistas\/sao-jose-modelo-para-os-homens-de-hoje\/\">Continue lendo <span class=\"meta-nav\">&rarr;<\/span><\/a><\/p>\n","protected":false},"author":4414,"featured_media":16904,"comment_status":"open","ping_status":"open","sticky":false,"template":"","format":"standard","meta":{"_mi_skip_tracking":false,"_monsterinsights_sitenote_active":false,"_monsterinsights_sitenote_note":"","_monsterinsights_sitenote_category":0,"footnotes":""},"categories":[271],"tags":[192590,18310,16595,8631,16541,4931,20466,32,14931,18413,192567,10941,271,11511,192588],"_links":{"self":[{"href":"https:\/\/blog.cancaonova.com\/paisecatequistas\/wp-json\/wp\/v2\/posts\/9447"}],"collection":[{"href":"https:\/\/blog.cancaonova.com\/paisecatequistas\/wp-json\/wp\/v2\/posts"}],"about":[{"href":"https:\/\/blog.cancaonova.com\/paisecatequistas\/wp-json\/wp\/v2\/types\/post"}],"author":[{"embeddable":true,"href":"https:\/\/blog.cancaonova.com\/paisecatequistas\/wp-json\/wp\/v2\/users\/4414"}],"replies":[{"embeddable":true,"href":"https:\/\/blog.cancaonova.com\/paisecatequistas\/wp-json\/wp\/v2\/comments?post=9447"}],"version-history":[{"count":22,"href":"https:\/\/blog.cancaonova.com\/paisecatequistas\/wp-json\/wp\/v2\/posts\/9447\/revisions"}],"predecessor-version":[{"id":16914,"href":"https:\/\/blog.cancaonova.com\/paisecatequistas\/wp-json\/wp\/v2\/posts\/9447\/revisions\/16914"}],"wp:featuredmedia":[{"embeddable":true,"href":"https:\/\/blog.cancaonova.com\/paisecatequistas\/wp-json\/wp\/v2\/media\/16904"}],"wp:attachment":[{"href":"https:\/\/blog.cancaonova.com\/paisecatequistas\/wp-json\/wp\/v2\/media?parent=9447"}],"wp:term":[{"taxonomy":"category","embeddable":true,"href":"https:\/\/blog.cancaonova.com\/paisecatequistas\/wp-json\/wp\/v2\/categories?post=9447"},{"taxonomy":"post_tag","embeddable":true,"href":"https:\/\/blog.cancaonova.com\/paisecatequistas\/wp-json\/wp\/v2\/tags?post=9447"}],"curies":[{"name":"wp","href":"https:\/\/api.w.org\/{rel}","templated":true}]}}