{"id":953,"date":"2009-10-07T09:54:35","date_gmt":"2009-10-07T11:54:35","guid":{"rendered":"http:\/\/blog.cancaonova.com\/paisecatequistas\/?p=953"},"modified":"2012-01-11T16:08:07","modified_gmt":"2012-01-11T18:08:07","slug":"nossa-senhora-do-rosario","status":"publish","type":"post","link":"https:\/\/blog.cancaonova.com\/paisecatequistas\/nossa-senhora-do-rosario\/","title":{"rendered":"Nossa Senhora do Ros\u00e1rio"},"content":{"rendered":"<p style=\"text-align: center\"><a href=\"http:\/\/blog.cancaonova.com\/paisecatequistas\/files\/2009\/10\/maria4.jpg\"><img loading=\"lazy\" decoding=\"async\" class=\"alignnone size-full wp-image-954\" src=\"http:\/\/blog.cancaonova.com\/paisecatequistas\/files\/2009\/10\/maria4.jpg\" alt=\"\" width=\"400\" height=\"356\" \/><\/a><\/p>\n<p style=\"text-align: justify\">Esta festa foi institu\u00edda pelo Papa Pio V em 1571, quando celebrou-se a vit\u00f3ria dos crist\u00e3os na batalha naval de Lepanto. Nesta batalha os crist\u00e3os cat\u00f3licos, em meio a recita\u00e7\u00e3o do Ros\u00e1rio, resistiram aos ataques dos turcos otomanos vencendo-os em combate.<\/p>\n<p>A celebra\u00e7\u00e3o de hoje convida-nos \u00e0 medita\u00e7\u00e3o dos Mist\u00e9rios de Cristo, os quais nos guiam \u00e0 Encarna\u00e7\u00e3o, Paix\u00e3o, Morte e Ressurrei\u00e7\u00e3o do Filho de Deus.<\/p>\n<p style=\"text-align: justify\">A origem do Ros\u00e1rio \u00e9 muito antiga, pois conta-se que os monges anacoretas usavam pedrinhas para contar o n\u00famero das ora\u00e7\u00f5es vocais. Desta forma, nos conventos medievais, os irm\u00e3os leigos dispensados da recita\u00e7\u00e3o do Salt\u00e9rio (pela pouca familiaridade com o latim), completavam suas pr\u00e1ticas de piedade com a recita\u00e7\u00e3o de Pai-Nossos e, para a contagem, o Doutor da Igreja S\u00e3o Beda, o Vener\u00e1vel (s\u00e9c. VII-VIII), havia sugerido a ado\u00e7\u00e3o de v\u00e1rios gr\u00e3os enfiados em um barbante.<\/p>\n<p style=\"text-align: justify\">Na hist\u00f3ria tamb\u00e9m encontramos Maria que apareceu a S\u00e3o Domingos e indicou-lhe o Ros\u00e1rio como potente arma para a convers\u00e3o: <em>&#8220;Quero que saiba que, a principal pe\u00e7a de combate, tem sido sempre o Salt\u00e9rio Ang\u00e9lico (Ros\u00e1rio) que \u00e9 a pedra fundamental do Novo Testamento. Assim quero que alcances estas almas endurecidas e as conquiste para Deus, com a ora\u00e7\u00e3o do meu Salt\u00e9rio&#8221;.<\/em><\/p>\n<p style=\"text-align: justify\">Essa devo\u00e7\u00e3o, propagada principalmente pelos filhos de S\u00e3o Domingos, recebe da Igreja a melhor aprova\u00e7\u00e3o e foi enriquecida por muitas indulg\u00eancias. Essa grinalda de 200 rosas &#8211; por isso Ros\u00e1rio &#8211; \u00e9 rezado praticamente em todas as l\u00ednguas, e o saudoso Papa Jo\u00e3o Paulo II e tantos outros Papas que o precederam recomendaram esta singela e poderosa ora\u00e7\u00e3o, com a qual, por intercess\u00e3o da Virgem Maria, alcan\u00e7amos muitas gra\u00e7as de Jesus, como nos ensina a pr\u00f3pria Virgem Sant\u00edssima em todas as suas apari\u00e7\u00f5es.<\/p>\n<p>Nossa Senhora do Ros\u00e1rio, rogai por n\u00f3s!<\/p>\n","protected":false},"excerpt":{"rendered":"<p>Esta festa foi institu\u00edda pelo Papa Pio V em 1571, quando celebrou-se a vit\u00f3ria dos crist\u00e3os na batalha naval de Lepanto. Nesta batalha os crist\u00e3os cat\u00f3licos, em meio a recita\u00e7\u00e3o do Ros\u00e1rio, resistiram aos ataques dos turcos otomanos vencendo-os em&#8230;<\/p>\n","protected":false},"author":4340,"featured_media":0,"comment_status":"open","ping_status":"open","sticky":false,"template":"","format":"standard","meta":{"_mi_skip_tracking":false,"_monsterinsights_sitenote_active":false,"_monsterinsights_sitenote_note":"","_monsterinsights_sitenote_category":0,"footnotes":""},"categories":[23],"tags":[16126,6351,40,31522,221,93839],"_links":{"self":[{"href":"https:\/\/blog.cancaonova.com\/paisecatequistas\/wp-json\/wp\/v2\/posts\/953"}],"collection":[{"href":"https:\/\/blog.cancaonova.com\/paisecatequistas\/wp-json\/wp\/v2\/posts"}],"about":[{"href":"https:\/\/blog.cancaonova.com\/paisecatequistas\/wp-json\/wp\/v2\/types\/post"}],"author":[{"embeddable":true,"href":"https:\/\/blog.cancaonova.com\/paisecatequistas\/wp-json\/wp\/v2\/users\/4340"}],"replies":[{"embeddable":true,"href":"https:\/\/blog.cancaonova.com\/paisecatequistas\/wp-json\/wp\/v2\/comments?post=953"}],"version-history":[{"count":5,"href":"https:\/\/blog.cancaonova.com\/paisecatequistas\/wp-json\/wp\/v2\/posts\/953\/revisions"}],"predecessor-version":[{"id":3720,"href":"https:\/\/blog.cancaonova.com\/paisecatequistas\/wp-json\/wp\/v2\/posts\/953\/revisions\/3720"}],"wp:attachment":[{"href":"https:\/\/blog.cancaonova.com\/paisecatequistas\/wp-json\/wp\/v2\/media?parent=953"}],"wp:term":[{"taxonomy":"category","embeddable":true,"href":"https:\/\/blog.cancaonova.com\/paisecatequistas\/wp-json\/wp\/v2\/categories?post=953"},{"taxonomy":"post_tag","embeddable":true,"href":"https:\/\/blog.cancaonova.com\/paisecatequistas\/wp-json\/wp\/v2\/tags?post=953"}],"curies":[{"name":"wp","href":"https:\/\/api.w.org\/{rel}","templated":true}]}}