{"id":963,"date":"2011-10-06T09:00:20","date_gmt":"2011-10-06T11:00:20","guid":{"rendered":"http:\/\/blog.cancaonova.com\/paisecatequistas\/?p=963"},"modified":"2011-10-19T10:49:36","modified_gmt":"2011-10-19T12:49:36","slug":"para-colorir-2","status":"publish","type":"post","link":"https:\/\/blog.cancaonova.com\/paisecatequistas\/para-colorir-2\/","title":{"rendered":"Para Colorir..."},"content":{"rendered":"<p><a href=\"http:\/\/blog.cancaonova.com\/paisecatequistas\/files\/2009\/10\/nsa-senhora-aparecida.jpg\"><img loading=\"lazy\" decoding=\"async\" class=\"alignnone size-full wp-image-965\" src=\"http:\/\/blog.cancaonova.com\/paisecatequistas\/files\/2009\/10\/nsa-senhora-aparecida.jpg\" alt=\"\" width=\"400\" height=\"620\" \/><\/a>\u00a0<\/p>\n<h4 class=\"western\" style=\"text-align: center\">A cura da menina cega<\/h4>\n<h4 class=\"western\" style=\"text-align: center\">Um Milagre pela intercess\u00e3o de Nossa Senhora Aparecida<\/h4>\n<p class=\"western\" style=\"text-align: justify\">Uma menina cega, ao aproximar-se, com a m\u00e3e, da Bas\u00edlica, olhou em dire\u00e7\u00e3o a ela e, de repente, exclamou &#8220;M\u00e3e, como aquela igreja \u00e9 bonita.&#8221; Estava enxergando, perfeitamente curada.<\/p>\n<p class=\"western\" style=\"text-align: justify\">Fonte: <a href=\"http:\/\/www.portaldafamilia.org\">www.portaldafamilia.org<\/a><\/p>\n<p class=\"western\" style=\"text-align: justify\">Deus aben\u00e7oe!<br \/>\nTininha &#8211; Departamento Infanto Juvenil.<\/p>\n<p class=\"western\" style=\"text-align: justify\">\u00a0<\/p>\n","protected":false},"excerpt":{"rendered":"<p>\u00a0 A cura da menina cega Um Milagre pela intercess\u00e3o de Nossa Senhora Aparecida Uma menina cega, ao aproximar-se, com a m\u00e3e, da Bas\u00edlica, olhou em dire\u00e7\u00e3o a ela e, de repente, exclamou &#8220;M\u00e3e, como aquela igreja \u00e9 bonita.&#8221; Estava&#8230;<\/p>\n","protected":false},"author":4340,"featured_media":0,"comment_status":"open","ping_status":"open","sticky":false,"template":"","format":"standard","meta":{"_mi_skip_tracking":false,"_monsterinsights_sitenote_active":false,"_monsterinsights_sitenote_note":"","_monsterinsights_sitenote_category":0,"footnotes":""},"categories":[16089],"tags":[15161],"_links":{"self":[{"href":"https:\/\/blog.cancaonova.com\/paisecatequistas\/wp-json\/wp\/v2\/posts\/963"}],"collection":[{"href":"https:\/\/blog.cancaonova.com\/paisecatequistas\/wp-json\/wp\/v2\/posts"}],"about":[{"href":"https:\/\/blog.cancaonova.com\/paisecatequistas\/wp-json\/wp\/v2\/types\/post"}],"author":[{"embeddable":true,"href":"https:\/\/blog.cancaonova.com\/paisecatequistas\/wp-json\/wp\/v2\/users\/4340"}],"replies":[{"embeddable":true,"href":"https:\/\/blog.cancaonova.com\/paisecatequistas\/wp-json\/wp\/v2\/comments?post=963"}],"version-history":[{"count":7,"href":"https:\/\/blog.cancaonova.com\/paisecatequistas\/wp-json\/wp\/v2\/posts\/963\/revisions"}],"predecessor-version":[{"id":3112,"href":"https:\/\/blog.cancaonova.com\/paisecatequistas\/wp-json\/wp\/v2\/posts\/963\/revisions\/3112"}],"wp:attachment":[{"href":"https:\/\/blog.cancaonova.com\/paisecatequistas\/wp-json\/wp\/v2\/media?parent=963"}],"wp:term":[{"taxonomy":"category","embeddable":true,"href":"https:\/\/blog.cancaonova.com\/paisecatequistas\/wp-json\/wp\/v2\/categories?post=963"},{"taxonomy":"post_tag","embeddable":true,"href":"https:\/\/blog.cancaonova.com\/paisecatequistas\/wp-json\/wp\/v2\/tags?post=963"}],"curies":[{"name":"wp","href":"https:\/\/api.w.org\/{rel}","templated":true}]}}