{"id":9986,"date":"2023-06-08T00:00:01","date_gmt":"2023-06-08T02:00:01","guid":{"rendered":"http:\/\/blog.cancaonova.com\/paisecatequistas\/?p=9986"},"modified":"2024-05-23T10:14:49","modified_gmt":"2024-05-23T12:14:49","slug":"festa-do-corpo-e-sangue-de-cristo","status":"publish","type":"post","link":"https:\/\/blog.cancaonova.com\/paisecatequistas\/festa-do-corpo-e-sangue-de-cristo\/","title":{"rendered":"A Hist\u00f3ria de Corpus Christi"},"content":{"rendered":"<p><strong>Voc\u00ea sabe o que \u00e9 Corpus Christi?<\/strong><\/p>\n<p>No ano de 1264, quando padre Pedro de Praga celebrava a Missa, ele duvidava da presen\u00e7a real de Jesus na Eucaristia.<\/p>\n<p>Houve, ent\u00e3o, esse Milagre Eucar\u00edstico, onde a p\u00e3o e o vinho se transformaram em Carne e Sangue de Cristo.<\/p>\n<p>No mesmo ano, o Papa\u00a0\u00a0Urbano IV ficou sabendo do Milagre Eucar\u00edstico, e instituiu essa Festa para toda quinta-feira ap\u00f3s a Festa da Sant\u00edssima Trindade.<\/p>\n<p>Vamos ver como tudo isso aconteceu?<\/p>\n<p><iframe loading=\"lazy\" title=\"Corpus Christi\" width=\"600\" height=\"338\" src=\"https:\/\/www.youtube.com\/embed\/zkSLnUUUpRY?list=PLNlRgLhNKHidvKI1Qrue0n5IQQvTQqMN8&amp;rel=0\" frameborder=\"0\" allow=\"accelerometer; autoplay; clipboard-write; encrypted-media; gyroscope; picture-in-picture; web-share\" referrerpolicy=\"strict-origin-when-cross-origin\" allowfullscreen><\/iframe><\/p>\n<p><a href=\"http:\/\/blog.cancaonova.com\/paisecatequistas\/2023\/06\/07\/corpus-christi\/\"> &#8211; Um pouco mais da hist\u00f3ria de Corpus Christi<\/a><\/p>\n<p><a href=\"http:\/\/blog.cancaonova.com\/paisecatequistas\/files\/2020\/06\/Corpus-Christi1.jpg\"><img loading=\"lazy\" decoding=\"async\" class=\" wp-image-11999 alignnone\" src=\"http:\/\/blog.cancaonova.com\/paisecatequistas\/files\/2020\/06\/Corpus-Christi1.jpg\" alt=\"\" width=\"700\" height=\"466\" srcset=\"https:\/\/blog.cancaonova.com\/paisecatequistas\/files\/2020\/06\/Corpus-Christi1.jpg 900w, https:\/\/blog.cancaonova.com\/paisecatequistas\/files\/2020\/06\/Corpus-Christi1-300x200.jpg 300w, https:\/\/blog.cancaonova.com\/paisecatequistas\/files\/2020\/06\/Corpus-Christi1-768x512.jpg 768w\" sizes=\"(max-width: 700px) 100vw, 700px\" \/><\/a><\/p>\n<h5 style=\"text-align: center\"><b><i>\u201cTomou em seguida o p\u00e3o e depois de ter\u00a0dado gra\u00e7as, partiu-o e deu-lhe, dizendo: Isto \u00e9 o meu corpo, que \u00e9 dado por\u00a0v\u00f3s; fazei isto em mem\u00f3ria de mim.<\/i><\/b>\u00a0<b><i>Do mesmo modo, tomou tamb\u00e9m o c\u00e1lice, depois de cear, dizendo: &#8220;Este c\u00e1lice \u00e9 a Nova Alian\u00e7a em meu sangue, que \u00e9 derramado por v\u00f3s\u201d (<\/i><\/b><b><i>Lucas 22,19-20)<\/i><\/b><\/h5>\n<p>&nbsp;<\/p>\n<div><\/div>\n<p>&nbsp;<\/p>\n","protected":false},"excerpt":{"rendered":"<p>Voc\u00ea sabe o que \u00e9 Corpus Chtisti?\u00a0\u00c9 a festa do Corpo do Sangue de Cristo! E quem disse que este ano n\u00e3o vamos ter o tradicional &#8220;Tapete de Corpus Christi&#8221;?  <a href=\"https:\/\/blog.cancaonova.com\/paisecatequistas\/festa-do-corpo-e-sangue-de-cristo\/\">Continue lendo <span class=\"meta-nav\">&rarr;<\/span><\/a><\/p>\n","protected":false},"author":4414,"featured_media":17429,"comment_status":"open","ping_status":"open","sticky":false,"template":"","format":"standard","meta":{"_mi_skip_tracking":false,"_monsterinsights_sitenote_active":false,"_monsterinsights_sitenote_note":"","_monsterinsights_sitenote_category":0,"footnotes":""},"categories":[16089,3671],"tags":[15521,26984,16507,17556,17146,3671,32,19413,19448,17490],"_links":{"self":[{"href":"https:\/\/blog.cancaonova.com\/paisecatequistas\/wp-json\/wp\/v2\/posts\/9986"}],"collection":[{"href":"https:\/\/blog.cancaonova.com\/paisecatequistas\/wp-json\/wp\/v2\/posts"}],"about":[{"href":"https:\/\/blog.cancaonova.com\/paisecatequistas\/wp-json\/wp\/v2\/types\/post"}],"author":[{"embeddable":true,"href":"https:\/\/blog.cancaonova.com\/paisecatequistas\/wp-json\/wp\/v2\/users\/4414"}],"replies":[{"embeddable":true,"href":"https:\/\/blog.cancaonova.com\/paisecatequistas\/wp-json\/wp\/v2\/comments?post=9986"}],"version-history":[{"count":21,"href":"https:\/\/blog.cancaonova.com\/paisecatequistas\/wp-json\/wp\/v2\/posts\/9986\/revisions"}],"predecessor-version":[{"id":17430,"href":"https:\/\/blog.cancaonova.com\/paisecatequistas\/wp-json\/wp\/v2\/posts\/9986\/revisions\/17430"}],"wp:featuredmedia":[{"embeddable":true,"href":"https:\/\/blog.cancaonova.com\/paisecatequistas\/wp-json\/wp\/v2\/media\/17429"}],"wp:attachment":[{"href":"https:\/\/blog.cancaonova.com\/paisecatequistas\/wp-json\/wp\/v2\/media?parent=9986"}],"wp:term":[{"taxonomy":"category","embeddable":true,"href":"https:\/\/blog.cancaonova.com\/paisecatequistas\/wp-json\/wp\/v2\/categories?post=9986"},{"taxonomy":"post_tag","embeddable":true,"href":"https:\/\/blog.cancaonova.com\/paisecatequistas\/wp-json\/wp\/v2\/tags?post=9986"}],"curies":[{"name":"wp","href":"https:\/\/api.w.org\/{rel}","templated":true}]}}