{"id":4575,"date":"2024-08-11T09:52:49","date_gmt":"2024-08-11T13:52:49","guid":{"rendered":"https:\/\/blog.cancaonova.com\/paraguay\/?p=4575"},"modified":"2024-08-14T09:54:17","modified_gmt":"2024-08-14T13:54:17","slug":"villarrica-noche-de-alabanza-y-adoracion-al-santisimo","status":"publish","type":"post","link":"https:\/\/blog.cancaonova.com\/paraguay\/2024\/08\/11\/villarrica-noche-de-alabanza-y-adoracion-al-santisimo\/","title":{"rendered":"Villarrica - noche de alabanza y adoraci\u00f3n al Sant\u00edsimo"},"content":{"rendered":"<h2 style=\"text-align: center\">El d\u00eda s\u00e1bado 10 de agosto fue realizada en la ciudad de Villarrica.<\/h2>\n<p><a href=\"http:\/\/blog.cancaonova.com\/paraguay\/files\/2024\/08\/Villarica-Cancion-nueva-paraguay-2.jpeg\"><img loading=\"lazy\" decoding=\"async\" class=\"wp-image-4576 size-large aligncenter\" src=\"http:\/\/blog.cancaonova.com\/paraguay\/files\/2024\/08\/Villarica-Cancion-nueva-paraguay-2-600x300.jpeg\" alt=\"\" width=\"600\" height=\"300\" srcset=\"https:\/\/blog.cancaonova.com\/paraguay\/files\/2024\/08\/Villarica-Cancion-nueva-paraguay-2-600x300.jpeg 600w, https:\/\/blog.cancaonova.com\/paraguay\/files\/2024\/08\/Villarica-Cancion-nueva-paraguay-2-300x150.jpeg 300w, https:\/\/blog.cancaonova.com\/paraguay\/files\/2024\/08\/Villarica-Cancion-nueva-paraguay-2-150x75.jpeg 150w\" sizes=\"(max-width: 600px) 100vw, 600px\" \/><\/a><\/p>\n<p style=\"text-align: center\">Una noche de alabanza y Adoraci\u00f3n organizada por el Grupo de Amigos Canci\u00f3n Nueva de esa ciudad.<\/p>\n<p>\u00a0\u00a0\u00a0\u00a0\u00a0\u00a0\u00a0\u00a0\u00a0\u00a0\u00a0\u00a0\u00a0\u00a0\u00a0Dicho evento tuvo la participaci\u00f3n de los Misioneros Marlene Duarte y Cristhian Barrios con el prop\u00f3sito de motivar un encuentro personal con Dios a trav\u00e9s de la oraci\u00f3n Eucar\u00edstica. Adem\u00e1s de eso aprovecharon el momento para promocionar la actividad organizada por la Comunidad, el retiro de Matrimonios denominado \u201cSanados para amar\u201d invitando a todos los matrimonios que participaron.<\/p>\n<p><a href=\"http:\/\/blog.cancaonova.com\/paraguay\/files\/2024\/08\/Villarica-Cancion-nueva-paraguay-4.jpeg\"><img loading=\"lazy\" decoding=\"async\" class=\"aligncenter wp-image-4578 size-large\" src=\"http:\/\/blog.cancaonova.com\/paraguay\/files\/2024\/08\/Villarica-Cancion-nueva-paraguay-4-600x300.jpeg\" alt=\"\" width=\"600\" height=\"300\" srcset=\"https:\/\/blog.cancaonova.com\/paraguay\/files\/2024\/08\/Villarica-Cancion-nueva-paraguay-4-600x300.jpeg 600w, https:\/\/blog.cancaonova.com\/paraguay\/files\/2024\/08\/Villarica-Cancion-nueva-paraguay-4-300x150.jpeg 300w, https:\/\/blog.cancaonova.com\/paraguay\/files\/2024\/08\/Villarica-Cancion-nueva-paraguay-4-150x75.jpeg 150w\" sizes=\"(max-width: 600px) 100vw, 600px\" \/><\/a><\/p>\n<p>El encuentro se inici\u00f3 con la Celebraci\u00f3n de la Palabra celebrada por el Di\u00e1cono Luis Adorno y fue realizada en el <a href=\"https:\/\/maps.app.goo.gl\/hBm19nEPksRZLJB79\">Oratorio San Antonio<\/a>, perteneciente a la Parroquia Catedral de Villarrica. Fue un momento hermoso de alabanzas, oraci\u00f3n e intimidad con Jes\u00fas Eucarist\u00eda.<\/p>\n<p>\u00a1Si queres ser parte del Grupo de Amigos de Villarrica te invitamos a participar con nosotros!<\/p>\n<p><a href=\"http:\/\/blog.cancaonova.com\/paraguay\/files\/2024\/08\/Villarica-Cancion-nueva-paraguay-1.jpeg\"><img loading=\"lazy\" decoding=\"async\" class=\"alignnone wp-image-4577 size-thumbnail\" src=\"http:\/\/blog.cancaonova.com\/paraguay\/files\/2024\/08\/Villarica-Cancion-nueva-paraguay-1-150x150.jpeg\" alt=\"\" width=\"150\" height=\"150\" srcset=\"https:\/\/blog.cancaonova.com\/paraguay\/files\/2024\/08\/Villarica-Cancion-nueva-paraguay-1-150x150.jpeg 150w, https:\/\/blog.cancaonova.com\/paraguay\/files\/2024\/08\/Villarica-Cancion-nueva-paraguay-1-144x144.jpeg 144w\" sizes=\"(max-width: 150px) 100vw, 150px\" \/><\/a><\/p>\n<p><a href=\"https:\/\/blog.cancaonova.com\/paraguay\/grupo-de-amigos-villarrica\/\">Grupo de Amigos Canci\u00f3n Nueva &#8211; Villarrica<\/a><\/p>\n<h3 style=\"text-align: center\"><strong>Canci\u00f3n Nueva Paraguay<\/strong><a href=\"http:\/\/blog.cancaonova.com\/paraguay\/files\/2010\/05\/logo.jpeg\"><img loading=\"lazy\" decoding=\"async\" class=\"wp-image-3922 aligncenter\" src=\"http:\/\/blog.cancaonova.com\/paraguay\/files\/2010\/05\/logo-300x300.jpeg\" alt=\"\" width=\"141\" height=\"141\" srcset=\"https:\/\/blog.cancaonova.com\/paraguay\/files\/2010\/05\/logo-300x300.jpeg 300w, https:\/\/blog.cancaonova.com\/paraguay\/files\/2010\/05\/logo-150x150.jpeg 150w, https:\/\/blog.cancaonova.com\/paraguay\/files\/2010\/05\/logo-768x768.jpeg 768w, https:\/\/blog.cancaonova.com\/paraguay\/files\/2010\/05\/logo-144x144.jpeg 144w, https:\/\/blog.cancaonova.com\/paraguay\/files\/2010\/05\/logo.jpeg 900w\" sizes=\"(max-width: 141px) 100vw, 141px\" \/><\/a>Contacto\/ whatsapp:<\/h3>\n<h3 style=\"text-align: center\">\ud83d\udcf2<a href=\"https:\/\/abrir.link\/ContactoGeneralCNPY\" target=\"_blank\" rel=\"noopener\">\u00a0\u00a0\u00a0+595 986 273932<\/a><\/h3>\n<h5 style=\"text-align: center\">\u00a0\ud83d\udce9\u00a0coordinacionpy@cancaonova.com<\/h5>\n<h4 style=\"text-align: center\">\u00a1Evangeliza con nosotros!<\/h4>\n<p style=\"text-align: center\">\n","protected":false},"excerpt":{"rendered":"<p>El d\u00eda s\u00e1bado 10 de agosto fue realizada en la ciudad de Villarrica. Una noche de alabanza y Adoraci\u00f3n organizada por el Grupo de Amigos Canci\u00f3n Nueva de esa ciudad. \u00a0\u00a0\u00a0\u00a0\u00a0\u00a0\u00a0\u00a0\u00a0\u00a0\u00a0\u00a0\u00a0\u00a0\u00a0Dicho evento tuvo la participaci\u00f3n de los Misioneros Marlene Duarte&#8230;<\/p>\n","protected":false},"author":4792,"featured_media":4576,"comment_status":"open","ping_status":"open","sticky":false,"template":"","format":"standard","meta":{"footnotes":""},"categories":[291098],"tags":[],"modified_by":"patriciacn","_links":{"self":[{"href":"https:\/\/blog.cancaonova.com\/paraguay\/wp-json\/wp\/v2\/posts\/4575"}],"collection":[{"href":"https:\/\/blog.cancaonova.com\/paraguay\/wp-json\/wp\/v2\/posts"}],"about":[{"href":"https:\/\/blog.cancaonova.com\/paraguay\/wp-json\/wp\/v2\/types\/post"}],"author":[{"embeddable":true,"href":"https:\/\/blog.cancaonova.com\/paraguay\/wp-json\/wp\/v2\/users\/4792"}],"replies":[{"embeddable":true,"href":"https:\/\/blog.cancaonova.com\/paraguay\/wp-json\/wp\/v2\/comments?post=4575"}],"version-history":[{"count":3,"href":"https:\/\/blog.cancaonova.com\/paraguay\/wp-json\/wp\/v2\/posts\/4575\/revisions"}],"predecessor-version":[{"id":4581,"href":"https:\/\/blog.cancaonova.com\/paraguay\/wp-json\/wp\/v2\/posts\/4575\/revisions\/4581"}],"wp:featuredmedia":[{"embeddable":true,"href":"https:\/\/blog.cancaonova.com\/paraguay\/wp-json\/wp\/v2\/media\/4576"}],"wp:attachment":[{"href":"https:\/\/blog.cancaonova.com\/paraguay\/wp-json\/wp\/v2\/media?parent=4575"}],"wp:term":[{"taxonomy":"category","embeddable":true,"href":"https:\/\/blog.cancaonova.com\/paraguay\/wp-json\/wp\/v2\/categories?post=4575"},{"taxonomy":"post_tag","embeddable":true,"href":"https:\/\/blog.cancaonova.com\/paraguay\/wp-json\/wp\/v2\/tags?post=4575"}],"curies":[{"name":"wp","href":"https:\/\/api.w.org\/{rel}","templated":true}]}}