{"id":4972,"date":"2024-11-18T13:00:02","date_gmt":"2024-11-18T16:00:02","guid":{"rendered":"https:\/\/blog.cancaonova.com\/paraguay\/?p=4972"},"modified":"2024-11-13T13:25:23","modified_gmt":"2024-11-13T16:25:23","slug":"santa-cecilia-como-patrona-de-la-musica","status":"publish","type":"post","link":"https:\/\/blog.cancaonova.com\/paraguay\/2024\/11\/18\/santa-cecilia-como-patrona-de-la-musica\/","title":{"rendered":"Santa Cecilia como Patrona de la M\u00fasica"},"content":{"rendered":"<h4 style=\"text-align: center\"><strong>Inspiraci\u00f3n para los Ministerios Musicales en la Iglesia<\/strong><\/h4>\n<p><a href=\"http:\/\/blog.cancaonova.com\/paraguay\/files\/2024\/11\/Santa-cecilia-3.jpg\"><img loading=\"lazy\" decoding=\"async\" class=\"wp-image-4973 size-large aligncenter\" src=\"http:\/\/blog.cancaonova.com\/paraguay\/files\/2024\/11\/Santa-cecilia-3-513x300.jpg\" alt=\"\" width=\"513\" height=\"300\" \/><\/a><\/p>\n<p>Santa Cecilia fue proclamada patrona de la m\u00fasica por la Iglesia debido a su relaci\u00f3n con el canto y la alabanza durante su martirio.<\/p>\n<p>Esta asociaci\u00f3n se consolid\u00f3 a lo largo de los siglos, especialmente en la Edad Media, cuando los artistas y m\u00fasicos la adoptaron como s\u00edmbolo de inspiraci\u00f3n para sus obras y sus vidas.<\/p>\n<p>La fecha de su fiesta, el 22 de noviembre, fue establecida como una oportunidad para que la Iglesia honre el talento musical y reconozca el papel de la m\u00fasica en la vida lit\u00fargica y espiritual de la comunidad.<\/p>\n<p>En 1594, el papa Gregorio XIII oficializ\u00f3 a Santa Cecilia como la patrona de la m\u00fasica y de los m\u00fasicos.<\/p>\n<p>Desde entonces, su figura ha sido una fuente de inspiraci\u00f3n para los artistas y una patrona de quienes usan sus talentos para servir a Dios y elevar el esp\u00edritu de los fieles a trav\u00e9s de la m\u00fasica.<\/p>\n<p>Santa Cecilia es una de las santas m\u00e1s queridas de la Iglesia Cat\u00f3lica, conocida y venerada como la patrona de la m\u00fasica y los m\u00fasicos.<\/p>\n<p>Su fiesta se celebra el 22 de noviembre y re\u00fane a personas de todo el mundo, especialmente a quienes se dedican a la m\u00fasica lit\u00fargica, para recordar su vida de fe y devoci\u00f3n a Dios.<\/p>\n<p>Santa Cecilia es un s\u00edmbolo de inspiraci\u00f3n y un recordatorio de c\u00f3mo el don de la m\u00fasica puede convertirse en un poderoso medio para alabar al Creador.<\/p>\n<p style=\"text-align: center\"><strong>Vida de Santa Cecilia y su Legado<\/strong><\/p>\n<p><a href=\"http:\/\/blog.cancaonova.com\/paraguay\/files\/2024\/11\/Santa-cecilia-5.jpg\"><img loading=\"lazy\" decoding=\"async\" class=\"wp-image-4974 size-medium alignleft\" src=\"http:\/\/blog.cancaonova.com\/paraguay\/files\/2024\/11\/Santa-cecilia-5-179x300.jpg\" alt=\"\" width=\"179\" height=\"300\" srcset=\"https:\/\/blog.cancaonova.com\/paraguay\/files\/2024\/11\/Santa-cecilia-5-179x300.jpg 179w, https:\/\/blog.cancaonova.com\/paraguay\/files\/2024\/11\/Santa-cecilia-5.jpg 298w\" sizes=\"(max-width: 179px) 100vw, 179px\" \/><\/a>Santa Cecilia vivi\u00f3 en Roma en el siglo II o III y fue una cristiana ejemplar desde muy joven. A pesar de que su familia pertenec\u00eda a la nobleza romana, ella decidi\u00f3 consagrarse a Dios, haciendo un voto de castidad.<\/p>\n<p>Sin embargo, sus padres la casaron con un joven llamado Valeriano.<\/p>\n<p>En su noche de bodas, Cecilia le confes\u00f3 a su esposo su compromiso con Cristo y lo persuadi\u00f3 para que tambi\u00e9n aceptara la fe cristiana. Inspirado por su fe, Valeriano se convirti\u00f3 al cristianismo y m\u00e1s tarde fue martirizado junto con su hermano, Tiburcio.<\/p>\n<p>La historia de Santa Cecilia nos cuenta que, mientras se dirig\u00eda a su martirio, ella cantaba himnos de alabanza a Dios.<\/p>\n<p>Este acto de valent\u00eda y fe, aun en medio de la persecuci\u00f3n, es la raz\u00f3n por la que se le asocia con la m\u00fasica. Finalmente, Cecilia fue martirizada por negarse a renunciar a su fe en Cristo.<\/p>\n<p>Aunque no muri\u00f3 de inmediato, sobrevivi\u00f3 varios d\u00edas, lo que le permiti\u00f3 ofrecer su vida como testimonio de amor y entrega total a Dios.<\/p>\n<p>Santa Cecilia fue proclamada patrona de la m\u00fasica por la Iglesia debido a su relaci\u00f3n con el canto y la alabanza durante su martirio.<\/p>\n<p>Esta asociaci\u00f3n se consolid\u00f3 a lo largo de los siglos, especialmente en la Edad Media, cuando los artistas y m\u00fasicos la adoptaron como s\u00edmbolo de inspiraci\u00f3n para sus obras y sus vidas.<\/p>\n<p>En 1594, el papa Gregorio XIII oficializ\u00f3 a Santa Cecilia como la patrona de la m\u00fasica y de los m\u00fasicos.<\/p>\n<p>Desde entonces, su figura ha sido una fuente de inspiraci\u00f3n para los artistas y una patrona de quienes usan sus talentos para servir a Dios y elevar el esp\u00edritu de los fieles a trav\u00e9s de la m\u00fasica.<\/p>\n<p style=\"text-align: center\"><strong>Celebraci\u00f3n de Santa Cecilia: Una Fiesta para Todos<\/strong><\/p>\n<p><a href=\"http:\/\/blog.cancaonova.com\/paraguay\/files\/2024\/11\/Santa-cecilia-2.jpg\"><img loading=\"lazy\" decoding=\"async\" class=\"aligncenter wp-image-4975 size-large\" src=\"http:\/\/blog.cancaonova.com\/paraguay\/files\/2024\/11\/Santa-cecilia-2-600x300.jpg\" alt=\"\" width=\"600\" height=\"300\" srcset=\"https:\/\/blog.cancaonova.com\/paraguay\/files\/2024\/11\/Santa-cecilia-2-600x300.jpg 600w, https:\/\/blog.cancaonova.com\/paraguay\/files\/2024\/11\/Santa-cecilia-2-300x150.jpg 300w, https:\/\/blog.cancaonova.com\/paraguay\/files\/2024\/11\/Santa-cecilia-2-150x75.jpg 150w\" sizes=\"(max-width: 600px) 100vw, 600px\" \/><\/a><\/p>\n<p>Santa Cecilia tiene una gran importancia para los cat\u00f3licos, ya que nos recuerda c\u00f3mo podemos consagrar nuestros talentos al servicio de Dios.<\/p>\n<p>Para los m\u00fasicos y cantantes, su vida es un ejemplo de c\u00f3mo la m\u00fasica puede ser un acto de fe y una forma de oraci\u00f3n.<\/p>\n<p>Al igual que Santa Cecilia us\u00f3 su voz para alabar a Dios en los momentos m\u00e1s dif\u00edciles, los m\u00fasicos lit\u00fargicos son llamados a elevar los corazones de la comunidad a trav\u00e9s de la m\u00fasica, ayudando a crear una atm\u00f3sfera de devoci\u00f3n y recogimiento en la Eucarist\u00eda.<\/p>\n<p>Para quienes sirven en los ministerios de m\u00fasica y coros, Santa Cecilia es una protectora y modelo a seguir.<\/p>\n<p>Ella inspira a los m\u00fasicos a ofrecer su talento no solo como una habilidad, sino como un regalo que se ofrece a Dios en cada misa, en cada himno y en cada oraci\u00f3n cantada.<\/p>\n<p>Los ministerios de m\u00fasica cumplen un papel fundamental en la liturgia, pues a trav\u00e9s de sus voces e instrumentos ayudan a que los fieles vivan una experiencia de comuni\u00f3n con lo divino.<\/p>\n<p>La fiesta de Santa Cecilia es una celebraci\u00f3n abierta a todos los fieles, pero es especialmente significativa para aquellos que participan en los ministerios de m\u00fasica en la Iglesia: m\u00fasicos, cantantes, directores de coro y todos los que, a trav\u00e9s de sus dones musicales, enriquecen la liturgia.<\/p>\n<p>En muchas parroquias y comunidades religiosas, se celebran misas especiales y eventos de m\u00fasica sagrada en honor a Santa Cecilia.<\/p>\n<p>Los coros y los ministerios de m\u00fasica suelen preparar himnos y c\u00e1nticos especiales, a veces acompa\u00f1ados de instrumentos, para hacer de la celebraci\u00f3n un momento de profundo recogimiento y alabanza a Dios.<\/p>\n<p>Adem\u00e1s de las misas solemnes, algunas iglesias organizan conciertos y festivales de m\u00fasica sagrada en honor a Santa Cecilia, en un acto de gratitud y alabanza.<\/p>\n<p style=\"text-align: center\"><strong>La M\u00fasica en la Iglesia: Un Camino de Alabanza y Devoci\u00f3n<\/strong><\/p>\n<p><a href=\"http:\/\/blog.cancaonova.com\/paraguay\/files\/2024\/11\/Santa-cecilia-4.jpg\"><img loading=\"lazy\" decoding=\"async\" class=\"wp-image-4976 size-medium alignleft\" src=\"http:\/\/blog.cancaonova.com\/paraguay\/files\/2024\/11\/Santa-cecilia-4-161x300.jpg\" alt=\"\" width=\"161\" height=\"300\" srcset=\"https:\/\/blog.cancaonova.com\/paraguay\/files\/2024\/11\/Santa-cecilia-4-161x300.jpg 161w, https:\/\/blog.cancaonova.com\/paraguay\/files\/2024\/11\/Santa-cecilia-4.jpg 342w\" sizes=\"(max-width: 161px) 100vw, 161px\" \/><\/a>La fiesta de Santa Cecilia es tambi\u00e9n un recordatorio del poder de la m\u00fasica para unirnos en alabanza.<\/p>\n<p>La m\u00fasica en la Iglesia no es solo una forma de entretenimiento, sino un medio para elevar las almas hacia Dios.San Agust\u00edn dec\u00eda que \u201cquien canta, ora dos veces\u201d, una frase que resume el papel de la m\u00fasica en la liturgia cat\u00f3lica.<\/p>\n<p>Los coros y m\u00fasicos que participan en las celebraciones ayudan a la comunidad a vivir m\u00e1s intensamente los misterios de la fe y, a trav\u00e9s de su arte, ofrecen una ofrenda a Dios.<\/p>\n<p>Santa Cecilia nos recuerda la importancia de la m\u00fasica en la vida de la Iglesia y nos invita a ofrecer nuestras voces y talentos al Se\u00f1or.<\/p>\n<p>Que en esta fiesta, todos los fieles, y en particular aquellos que forman parte de los ministerios de m\u00fasica, encuentren en Santa Cecilia una intercesora y un ejemplo de amor total a Dios.<\/p>\n<h3 style=\"text-align: center\"><a href=\"https:\/\/blog.cancaonova.com\/paraguay\/grupo-de-oracion-comunidad-cancion-nueva\/\"><strong>Canci\u00f3n Nueva Paraguay<\/strong><\/a><a href=\"http:\/\/blog.cancaonova.com\/paraguay\/files\/2010\/05\/logo.jpeg\"><img loading=\"lazy\" decoding=\"async\" class=\"wp-image-3922 aligncenter\" src=\"http:\/\/blog.cancaonova.com\/paraguay\/files\/2010\/05\/logo-300x300.jpeg\" alt=\"\" width=\"141\" height=\"141\" srcset=\"https:\/\/blog.cancaonova.com\/paraguay\/files\/2010\/05\/logo-300x300.jpeg 300w, https:\/\/blog.cancaonova.com\/paraguay\/files\/2010\/05\/logo-150x150.jpeg 150w, https:\/\/blog.cancaonova.com\/paraguay\/files\/2010\/05\/logo-768x768.jpeg 768w, https:\/\/blog.cancaonova.com\/paraguay\/files\/2010\/05\/logo-144x144.jpeg 144w, https:\/\/blog.cancaonova.com\/paraguay\/files\/2010\/05\/logo.jpeg 900w\" sizes=\"(max-width: 141px) 100vw, 141px\" \/><\/a>Contacto\/ whatsapp:<\/h3>\n<h3 style=\"text-align: center\">\ud83d\udcf2<a href=\"https:\/\/abrir.link\/ContactoGeneralCNPY\" target=\"_blank\" rel=\"noopener\">\u00a0\u00a0\u00a0+595 986 273932<\/a><\/h3>\n<h6 style=\"text-align: center\">\u00a0\ud83d\udce9\u00a0coordinacionpy@cancaonova.com<\/h6>\n<h4 style=\"text-align: center\">\u00a1Evangeliza con nosotros!<\/h4>\n","protected":false},"excerpt":{"rendered":"<p>Inspiraci\u00f3n para los Ministerios Musicales en la Iglesia Santa Cecilia fue proclamada patrona de la m\u00fasica por la Iglesia debido a su relaci\u00f3n con el canto y la alabanza durante su martirio. Esta asociaci\u00f3n se consolid\u00f3 a lo largo de&#8230;<\/p>\n","protected":false},"author":4792,"featured_media":4977,"comment_status":"closed","ping_status":"closed","sticky":false,"template":"","format":"standard","meta":{"footnotes":""},"categories":[18965],"tags":[],"modified_by":"patriciacn","_links":{"self":[{"href":"https:\/\/blog.cancaonova.com\/paraguay\/wp-json\/wp\/v2\/posts\/4972"}],"collection":[{"href":"https:\/\/blog.cancaonova.com\/paraguay\/wp-json\/wp\/v2\/posts"}],"about":[{"href":"https:\/\/blog.cancaonova.com\/paraguay\/wp-json\/wp\/v2\/types\/post"}],"author":[{"embeddable":true,"href":"https:\/\/blog.cancaonova.com\/paraguay\/wp-json\/wp\/v2\/users\/4792"}],"replies":[{"embeddable":true,"href":"https:\/\/blog.cancaonova.com\/paraguay\/wp-json\/wp\/v2\/comments?post=4972"}],"version-history":[{"count":3,"href":"https:\/\/blog.cancaonova.com\/paraguay\/wp-json\/wp\/v2\/posts\/4972\/revisions"}],"predecessor-version":[{"id":4979,"href":"https:\/\/blog.cancaonova.com\/paraguay\/wp-json\/wp\/v2\/posts\/4972\/revisions\/4979"}],"wp:featuredmedia":[{"embeddable":true,"href":"https:\/\/blog.cancaonova.com\/paraguay\/wp-json\/wp\/v2\/media\/4977"}],"wp:attachment":[{"href":"https:\/\/blog.cancaonova.com\/paraguay\/wp-json\/wp\/v2\/media?parent=4972"}],"wp:term":[{"taxonomy":"category","embeddable":true,"href":"https:\/\/blog.cancaonova.com\/paraguay\/wp-json\/wp\/v2\/categories?post=4972"},{"taxonomy":"post_tag","embeddable":true,"href":"https:\/\/blog.cancaonova.com\/paraguay\/wp-json\/wp\/v2\/tags?post=4972"}],"curies":[{"name":"wp","href":"https:\/\/api.w.org\/{rel}","templated":true}]}}