{"id":5193,"date":"2025-01-27T18:11:00","date_gmt":"2025-01-27T21:11:00","guid":{"rendered":"https:\/\/blog.cancaonova.com\/paraguay\/?p=5193"},"modified":"2025-04-15T09:58:13","modified_gmt":"2025-04-15T13:58:13","slug":"misa-acogida-primer-compromiso-cnpy","status":"publish","type":"post","link":"https:\/\/blog.cancaonova.com\/paraguay\/2025\/01\/27\/misa-acogida-primer-compromiso-cnpy\/","title":{"rendered":"Misa de Acogida y Primer Compromiso de Pre-Discipulado en la Comunidad Canci\u00f3n Nueva"},"content":{"rendered":"<p style=\"text-align: center\"><strong>El pasado 25 de enero de 2025, en la Parroquia San Roque Gonz\u00e1lez de Santa Cruz en Asunci\u00f3n &#8211; Paraguay, se vivi\u00f3 una misa llena de gracia y emoci\u00f3n.<\/strong><\/p>\n<p><a href=\"http:\/\/blog.cancaonova.com\/paraguay\/files\/2025\/01\/Chegada-Valdeir-6-scaled.jpg\"><img loading=\"lazy\" decoding=\"async\" class=\"wp-image-5195 size-large aligncenter\" src=\"http:\/\/blog.cancaonova.com\/paraguay\/files\/2025\/01\/Chegada-Valdeir-6-600x300.jpg\" alt=\"\" width=\"600\" height=\"300\" srcset=\"https:\/\/blog.cancaonova.com\/paraguay\/files\/2025\/01\/Chegada-Valdeir-6-600x300.jpg 600w, https:\/\/blog.cancaonova.com\/paraguay\/files\/2025\/01\/Chegada-Valdeir-6-300x150.jpg 300w, https:\/\/blog.cancaonova.com\/paraguay\/files\/2025\/01\/Chegada-Valdeir-6-150x75.jpg 150w\" sizes=\"(max-width: 600px) 100vw, 600px\" \/><\/a><\/p>\n<p>La comunidad parroquial, junto con los miembros de la Comunidad Canci\u00f3n Nueva, familiares, amigos y feligreses, se celebr\u00f3 a las 18:30 horas, la Santa Misa de acogida del <a href=\"https:\/\/santuario.cancaonova.com\/formacao\/series\/valdeir-bento-sacerdocio\/\">Di\u00e1cono Valdeir Bento<\/a>, nuevo Responsable General de la Comunidad Canci\u00f3n Nueva en Paraguay y presenciar el primer compromiso de pre-discipulado del matrimonio de Cristina y Osvaldo. Fue un momento inolvidable de fe, unidad y entrega al servicio del Reino de Dios.<\/p>\n<p>La Misa fue presidida por el Padre Thiago Pereira, sacerdote de la Comunidad Canci\u00f3n Nueva, junto con el P\u00e1rroco Padre Carlos Victal, tambi\u00e9n miembro de la comunidad. En la celebraci\u00f3n fue destacada la importancia de vivir una vida de compromiso con Dios y con el servicio a los dem\u00e1s, recordando que cada vocaci\u00f3n es un don precioso para la Iglesia.<\/p>\n<p>En sus palabras, el Padre Thiago resalt\u00f3 el valor del sacrificio y la entrega, animando a todos los presentes a ser fieles en su camino de fe. Se enfatiz\u00f3 la alegr\u00eda de acoger a nuevos miembros en la comunidad y el privilegio de acompa\u00f1arles en este proceso vocacional.<\/p>\n<p>La ceremonia estuvo marcada por la sencillez, pero tambi\u00e9n por la profundidad espiritual. Al finalizar la Misa, se realiz\u00f3 un compartir fraterno, donde los asistentes pudieron saludar y felicitar a Cristina, Osvaldo y el Di\u00e1cono Valdeir por este nuevo tiempo en sus vidas.<\/p>\n<p style=\"text-align: center\"><strong>Un nuevo tiempo de gracia para Cristina y Osvaldo.<\/strong><\/p>\n<p><a href=\"http:\/\/blog.cancaonova.com\/paraguay\/files\/2025\/01\/Chegada-Valdeir-6-1.jpg\"><img loading=\"lazy\" decoding=\"async\" class=\"size-medium wp-image-5196 alignleft\" src=\"http:\/\/blog.cancaonova.com\/paraguay\/files\/2025\/01\/Chegada-Valdeir-6-1-300x288.jpg\" alt=\"\" width=\"300\" height=\"288\" srcset=\"https:\/\/blog.cancaonova.com\/paraguay\/files\/2025\/01\/Chegada-Valdeir-6-1-300x288.jpg 300w, https:\/\/blog.cancaonova.com\/paraguay\/files\/2025\/01\/Chegada-Valdeir-6-1-768x737.jpg 768w, https:\/\/blog.cancaonova.com\/paraguay\/files\/2025\/01\/Chegada-Valdeir-6-1-1536x1473.jpg 1536w, https:\/\/blog.cancaonova.com\/paraguay\/files\/2025\/01\/Chegada-Valdeir-6-1-2048x1964.jpg 2048w\" sizes=\"(max-width: 300px) 100vw, 300px\" \/><\/a><\/p>\n<p>Durante la celebraci\u00f3n eucar\u00edstica, Cristina y Osvaldo, tras recorrer un camino vocacional profundo y lleno de discernimiento con la Comunidad Canci\u00f3n Nueva, realizaron su primer compromiso de pre-discipulado. Este acto, integrado en el contexto de la Santa Misa, marc\u00f3 el inicio de un nuevo tiempo de formaci\u00f3n y crecimiento espiritual dentro del carisma de la comunidad.<\/p>\n<p>El compromiso de ellos fue un testimonio vivo de su deseo de seguir a Cristo m\u00e1s de cerca, abrazando la espiritualidad y los valores que definen el carisma de la Comunidad Canci\u00f3n Nueva. Ambos expresaron su alegr\u00eda y gratitud por este llamado especial, confiando en que este camino les permitir\u00e1 profundizar en su relaci\u00f3n con Dios y servir con mayor dedicaci\u00f3n a la Iglesia.<\/p>\n<p style=\"text-align: center\"><strong>Un nuevo responsable para la <\/strong><strong>Comunidad Canci\u00f3n Nueva en Paraguay<\/strong><\/p>\n<p><a href=\"http:\/\/blog.cancaonova.com\/paraguay\/files\/2025\/01\/Chegada-Valdeir-2-scaled.jpg\"><img loading=\"lazy\" decoding=\"async\" class=\"alignnone wp-image-5198 size-full\" src=\"http:\/\/blog.cancaonova.com\/paraguay\/files\/2025\/01\/Chegada-Valdeir-2-scaled-e1738011915876.jpg\" alt=\"\" width=\"1984\" height=\"1437\" srcset=\"https:\/\/blog.cancaonova.com\/paraguay\/files\/2025\/01\/Chegada-Valdeir-2-scaled-e1738011915876.jpg 1984w, https:\/\/blog.cancaonova.com\/paraguay\/files\/2025\/01\/Chegada-Valdeir-2-scaled-e1738011915876-300x217.jpg 300w, https:\/\/blog.cancaonova.com\/paraguay\/files\/2025\/01\/Chegada-Valdeir-2-scaled-e1738011915876-768x556.jpg 768w, https:\/\/blog.cancaonova.com\/paraguay\/files\/2025\/01\/Chegada-Valdeir-2-scaled-e1738011915876-1536x1113.jpg 1536w\" sizes=\"(max-width: 1984px) 100vw, 1984px\" \/><\/a><\/p>\n<p>La Misa tambi\u00e9n tuvo un car\u00e1cter especial, ya que fue la celebraci\u00f3n de acogida del <a href=\"https:\/\/santuario.cancaonova.com\/formacao\/series\/valdeir-bento-sacerdocio\/\">Di\u00e1cono Valdeir Bento,<\/a> quien asumi\u00f3 este a\u00f1o la misi\u00f3n de Responsable General de la <strong>Comunidad Canci\u00f3n Nueva<\/strong> en Paraguay.<\/p>\n<p>El Di\u00e1cono Valdeir, natural del estado de Para\u00edba en Brasil, creci\u00f3 en un ambiente familiar profundamente cat\u00f3lico. Desde temprana edad, su madre le inculc\u00f3 el amor por la fe, aunque inicialmente mostr\u00f3 resistencia a participar activamente en la Iglesia.<\/p>\n<p>Sin embargo, a los 17 a\u00f1os, durante una visita a Para\u00edba, descubri\u00f3 la TV Canci\u00f3n Nueva, lo que marc\u00f3 un punto de inflexi\u00f3n en su vida espiritual. Este encuentro lo llev\u00f3 a profundizar en su relaci\u00f3n con Dios, participando en grupos de oraci\u00f3n y actividades juveniles. Posteriormente, Di\u00e1cono Valdeir ingres\u00f3 a la Comunidad Canci\u00f3n Nueva, donde desarroll\u00f3 su vocaci\u00f3n y creci\u00f3 en su compromiso con el Evangelio.<\/p>\n<p>Pr\u00f3ximamente, en junio de este a\u00f1o, ser\u00e1 ordenado sacerdote en la sede de la Comunidad Canci\u00f3n Nueva en Brasil.<\/p>\n<p>Este representar\u00e1 un paso m\u00e1s en su entrega al servicio del Reino de Dios y una bendici\u00f3n para la Comunidad en Paraguay.<\/p>\n<p style=\"text-align: center\"><strong>\u00a1Ven y haz la experiencia vocacional en Canci\u00f3n Nueva!<\/strong><\/p>\n<p style=\"text-align: center\"><a href=\"http:\/\/blog.cancaonova.com\/paraguay\/files\/2025\/01\/Chegada-Valdeir-scaled.jpeg\"><img loading=\"lazy\" decoding=\"async\" class=\"alignnone wp-image-5199 size-large\" src=\"http:\/\/blog.cancaonova.com\/paraguay\/files\/2025\/01\/Chegada-Valdeir-scaled-e1738012029957-600x300.jpeg\" alt=\"\" width=\"600\" height=\"300\" srcset=\"https:\/\/blog.cancaonova.com\/paraguay\/files\/2025\/01\/Chegada-Valdeir-scaled-e1738012029957-600x300.jpeg 600w, https:\/\/blog.cancaonova.com\/paraguay\/files\/2025\/01\/Chegada-Valdeir-scaled-e1738012029957-300x150.jpeg 300w, https:\/\/blog.cancaonova.com\/paraguay\/files\/2025\/01\/Chegada-Valdeir-scaled-e1738012029957-150x75.jpeg 150w\" sizes=\"(max-width: 600px) 100vw, 600px\" \/><\/a><\/p>\n<p>Si sientes en tu coraz\u00f3n el deseo de vivir una experiencia diferente, de profundizar en tu fe y de servir al Reino de Dios, te invitamos a conocer la Comunidad Canci\u00f3n Nueva. Nuestra parroquia, ubicada en Lomas Valentinas 151, Asunci\u00f3n, Paraguay, es un lugar donde la fe, el amor y la esperanza se encuentran.<\/p>\n<p>Hacer parte de la Comunidad Canci\u00f3n Nueva no es solo un llamado, es una oportunidad para transformar tu vida y acercarte m\u00e1s a la voluntad de Dios.<\/p>\n<p>Te animamos a visitarnos, participar en nuestras actividades y descubrir el camino que Dios tiene preparado para ti.<\/p>\n<p>\u00a1Te esperamos con los brazos abiertos!<\/p>\n<p>&nbsp;<\/p>\n<h3 style=\"text-align: center\"><a href=\"https:\/\/blog.cancaonova.com\/paraguay\/grupo-de-oracion-comunidad-cancion-nueva\/\"><strong>Canci\u00f3n Nueva Paraguay<\/strong><\/a><a href=\"http:\/\/blog.cancaonova.com\/paraguay\/files\/2010\/05\/logo.jpeg\"><img loading=\"lazy\" decoding=\"async\" class=\"wp-image-3922 aligncenter\" src=\"http:\/\/blog.cancaonova.com\/paraguay\/files\/2010\/05\/logo-300x300.jpeg\" alt=\"\" width=\"141\" height=\"141\" srcset=\"https:\/\/blog.cancaonova.com\/paraguay\/files\/2010\/05\/logo-300x300.jpeg 300w, https:\/\/blog.cancaonova.com\/paraguay\/files\/2010\/05\/logo-150x150.jpeg 150w, https:\/\/blog.cancaonova.com\/paraguay\/files\/2010\/05\/logo-768x768.jpeg 768w, https:\/\/blog.cancaonova.com\/paraguay\/files\/2010\/05\/logo-144x144.jpeg 144w, https:\/\/blog.cancaonova.com\/paraguay\/files\/2010\/05\/logo.jpeg 900w\" sizes=\"(max-width: 141px) 100vw, 141px\" \/><\/a>Contacto\/ whatsapp:<\/h3>\n<h3 style=\"text-align: center\">\ud83d\udcf2<a href=\"https:\/\/abrir.link\/ContactoGeneralCNPY\" target=\"_blank\" rel=\"noopener\">\u00a0\u00a0\u00a0+595 986 273932<\/a><\/h3>\n<h6 style=\"text-align: center\">\u00a0\ud83d\udce9\u00a0coordinacionpy@cancaonova.com<\/h6>\n<h4 style=\"text-align: center\">\u00a1Evangeliza con nosotros!<\/h4>\n<p>&nbsp;<\/p>\n<p>&nbsp;<\/p>\n<p>&nbsp;<\/p>\n<p>&nbsp;<\/p>\n<p>&nbsp;<\/p>\n","protected":false},"excerpt":{"rendered":"<p>El pasado 25 de enero de 2025, en la Parroquia San Roque Gonz\u00e1lez de Santa Cruz en Asunci\u00f3n &#8211; Paraguay, se vivi\u00f3 una misa llena de gracia y emoci\u00f3n. La comunidad parroquial, junto con los miembros de la Comunidad Canci\u00f3n&#8230;<\/p>\n","protected":false},"author":4792,"featured_media":5203,"comment_status":"closed","ping_status":"closed","sticky":false,"template":"","format":"standard","meta":{"footnotes":""},"categories":[291098,18965],"tags":[],"modified_by":"patriciacn","_links":{"self":[{"href":"https:\/\/blog.cancaonova.com\/paraguay\/wp-json\/wp\/v2\/posts\/5193"}],"collection":[{"href":"https:\/\/blog.cancaonova.com\/paraguay\/wp-json\/wp\/v2\/posts"}],"about":[{"href":"https:\/\/blog.cancaonova.com\/paraguay\/wp-json\/wp\/v2\/types\/post"}],"author":[{"embeddable":true,"href":"https:\/\/blog.cancaonova.com\/paraguay\/wp-json\/wp\/v2\/users\/4792"}],"replies":[{"embeddable":true,"href":"https:\/\/blog.cancaonova.com\/paraguay\/wp-json\/wp\/v2\/comments?post=5193"}],"version-history":[{"count":2,"href":"https:\/\/blog.cancaonova.com\/paraguay\/wp-json\/wp\/v2\/posts\/5193\/revisions"}],"predecessor-version":[{"id":5204,"href":"https:\/\/blog.cancaonova.com\/paraguay\/wp-json\/wp\/v2\/posts\/5193\/revisions\/5204"}],"wp:featuredmedia":[{"embeddable":true,"href":"https:\/\/blog.cancaonova.com\/paraguay\/wp-json\/wp\/v2\/media\/5203"}],"wp:attachment":[{"href":"https:\/\/blog.cancaonova.com\/paraguay\/wp-json\/wp\/v2\/media?parent=5193"}],"wp:term":[{"taxonomy":"category","embeddable":true,"href":"https:\/\/blog.cancaonova.com\/paraguay\/wp-json\/wp\/v2\/categories?post=5193"},{"taxonomy":"post_tag","embeddable":true,"href":"https:\/\/blog.cancaonova.com\/paraguay\/wp-json\/wp\/v2\/tags?post=5193"}],"curies":[{"name":"wp","href":"https:\/\/api.w.org\/{rel}","templated":true}]}}