{"id":5262,"date":"2025-03-04T09:08:01","date_gmt":"2025-03-04T12:08:01","guid":{"rendered":"https:\/\/blog.cancaonova.com\/paraguay\/?p=5262"},"modified":"2025-04-15T09:59:15","modified_gmt":"2025-04-15T13:59:15","slug":"la-cuaresma-tiempo-de-penitencia","status":"publish","type":"post","link":"https:\/\/blog.cancaonova.com\/paraguay\/2025\/03\/04\/la-cuaresma-tiempo-de-penitencia\/","title":{"rendered":"La Cuaresma: Tiempo de Preparaci\u00f3n, Penitencia y Transformaci\u00f3n Interior"},"content":{"rendered":"<h2 style=\"text-align: center\"><b>\u00bfQu\u00e9 Significa la Palabra &#8220;Cuaresma&#8221;?<\/b><\/h2>\n<p><a href=\"http:\/\/blog.cancaonova.com\/paraguay\/files\/2025\/03\/pasion-5.jpg\"><img loading=\"lazy\" decoding=\"async\" class=\"aligncenter wp-image-5263 size-large\" src=\"http:\/\/blog.cancaonova.com\/paraguay\/files\/2025\/03\/pasion-5-491x300.jpg\" alt=\"\" width=\"491\" height=\"300\" \/><\/a><\/p>\n<p><span style=\"font-weight: 400\">La <\/span><b>Cuaresma<\/b><span style=\"font-weight: 400\"> es uno de los per\u00edodos m\u00e1s significativos en el calendario lit\u00fargico de la Iglesia Cat\u00f3lica. Es un tiempo de <\/span><b>preparaci\u00f3n espiritual<\/b><span style=\"font-weight: 400\"> para la celebraci\u00f3n de la Pascua, marcado por pr\u00e1cticas como el <\/span><b>ayuno<\/b><span style=\"font-weight: 400\">, la <\/span><b>oraci\u00f3n<\/b><span style=\"font-weight: 400\"> y las <\/span><b>obras de caridad<\/b><span style=\"font-weight: 400\">. Aunque tradicionalmente se considera que la Cuaresma dura <\/span><b>40 d\u00edas<\/b><span style=\"font-weight: 400\">, en la actualidad abarca <\/span><b>44 d\u00edas<\/b><span style=\"font-weight: 400\">. Este per\u00edodo tiene sus ra\u00edces en los primeros siglos del cristianismo y est\u00e1 profundamente ligado a la historia y la tradici\u00f3n b\u00edblica. En este art\u00edculo, exploraremos el <\/span><b>origen de la Cuaresma<\/b><span style=\"font-weight: 400\">, su significado espiritual y las pr\u00e1cticas m\u00e1s comunes asociadas a este tiempo sagrado.<\/span><\/p>\n<p><span style=\"font-weight: 400\">La palabra <\/span><b>Cuaresma<\/b><span style=\"font-weight: 400\"> proviene del t\u00e9rmino latino <\/span><b>&#8220;Quadragesima&#8221;<\/b><span style=\"font-weight: 400\">, que significa <\/span><b>&#8220;cuarenta d\u00edas&#8221;<\/b><span style=\"font-weight: 400\">. Este n\u00famero no es casual, ya que en la tradici\u00f3n b\u00edblica, el n\u00famero <\/span><b>40<\/b><span style=\"font-weight: 400\"> tiene un profundo significado simb\u00f3lico. Representa un per\u00edodo de <\/span><b>purificaci\u00f3n<\/b><span style=\"font-weight: 400\">, <\/span><b>preparaci\u00f3n<\/b><span style=\"font-weight: 400\"> y <\/span><b>renovaci\u00f3n<\/b><span style=\"font-weight: 400\">. Algunos ejemplos b\u00edblicos que resaltan este simbolismo son:<\/span><\/p>\n<ul>\n<li><span style=\"font-weight: 400\"> \u00a0 \u00a0 \u00a0 \u00a0 <\/span><b>El ayuno de Jes\u00fas en el desierto<\/b><span style=\"font-weight: 400\">: Durante 40 d\u00edas, Jes\u00fas se prepar\u00f3 para su ministerio p\u00fablico, resistiendo las tentaciones del demonio (Mateo 4:1-11).<\/span><\/li>\n<li><span style=\"font-weight: 400\"> \u00a0 \u00a0 \u00a0 \u00a0 <\/span><b>El diluvio universal<\/b><span style=\"font-weight: 400\">: La lluvia dur\u00f3 <\/span><b>40 d\u00edas y 40 noches<\/b><span style=\"font-weight: 400\">, simbolizando un nuevo comienzo para la humanidad (G\u00e9nesis 7:12).<\/span><\/li>\n<li><span style=\"font-weight: 400\"> \u00a0 \u00a0 \u00a0 \u00a0 <\/span><b>La traves\u00eda del desierto<\/b><span style=\"font-weight: 400\">: Mois\u00e9s y el pueblo hebreo caminaron durante <\/span><b>40 a\u00f1os<\/b><span style=\"font-weight: 400\"> en busca de la Tierra Prometida (\u00c9xodo 16:35).<\/span><\/li>\n<\/ul>\n<p><span style=\"font-weight: 400\">Estos eventos nos muestran que el n\u00famero <\/span><b>40<\/b><span style=\"font-weight: 400\"> est\u00e1 asociado a un tiempo de <\/span><b>transformaci\u00f3n espiritual<\/b><span style=\"font-weight: 400\"> y <\/span><b>encuentro con Dios<\/b><span style=\"font-weight: 400\">.<\/span><span style=\"font-weight: 400\">\u00a0<\/span><\/p>\n<h3 style=\"text-align: center\"><b>El Origen de la Cuaresma en la Iglesia Cat\u00f3lica<\/b><\/h3>\n<p><a href=\"http:\/\/blog.cancaonova.com\/paraguay\/files\/2025\/03\/pasion-1.jpg\"><img loading=\"lazy\" decoding=\"async\" class=\"wp-image-5264 size-full alignleft\" src=\"http:\/\/blog.cancaonova.com\/paraguay\/files\/2025\/03\/pasion-1.jpg\" alt=\"\" width=\"235\" height=\"200\" \/><\/a><\/p>\n<p><span style=\"font-weight: 400\">La Cuaresma, como la conocemos hoy, se consolid\u00f3 en el <\/span><b>siglo IV d.C.<\/b><span style=\"font-weight: 400\">, espec\u00edficamente en el a\u00f1o <\/span><b>325<\/b><span style=\"font-weight: 400\">, durante el <\/span><b>Primer Concilio de Nicea<\/b><span style=\"font-weight: 400\">. Este concilio fue un encuentro hist\u00f3rico de obispos que buscaba definir aspectos fundamentales de la fe cristiana. Entre sus decisiones m\u00e1s importantes se encuentran:<\/span><\/p>\n<p><span style=\"font-weight: 400\">La formulaci\u00f3n del <\/span><b>Credo Niceno<\/b><span style=\"font-weight: 400\">, una profesi\u00f3n de fe que resume las creencias centrales del cristianismo.<\/span><\/p>\n<p><span style=\"font-weight: 400\">La determinaci\u00f3n de la fecha de la <\/span><b>Pascua<\/b><span style=\"font-weight: 400\">, bas\u00e1ndose en el <\/span><b>equinoccio de primavera<\/b><span style=\"font-weight: 400\"> y las <\/span><b>fases de la Luna<\/b><span style=\"font-weight: 400\">.<\/span><\/p>\n<p><span style=\"font-weight: 400\">La menci\u00f3n por primera vez de la <\/span><b>Cuaresma<\/b><span style=\"font-weight: 400\"> como un per\u00edodo de <\/span><b>ayuno y penitencia<\/b><span style=\"font-weight: 400\"> previo a la Pascua.<\/span><\/p>\n<p><span style=\"font-weight: 400\">En los documentos del concilio, se utiliz\u00f3 la palabra griega <\/span><b>&#8220;tessarakonta&#8221;<\/b><span style=\"font-weight: 400\">, que significa <\/span><b>&#8220;cuarenta&#8221;<\/b><span style=\"font-weight: 400\">, refiri\u00e9ndose a los 40 d\u00edas de preparaci\u00f3n. Esta pr\u00e1ctica evolucion\u00f3 a partir de costumbres cristianas antiguas, como los ayunos de dos o tres d\u00edas mencionados por <\/span><b>Tertuliano<\/b><span style=\"font-weight: 400\">, un escritor cristiano de los siglos II y III.<\/span><span style=\"font-weight: 400\">\u00a0<\/span><\/p>\n<h2 style=\"text-align: center\"><b>El Mi\u00e9rcoles de Ceniza: El Inicio de la Cuaresma<\/b><\/h2>\n<p><a href=\"http:\/\/blog.cancaonova.com\/paraguay\/files\/2025\/03\/pasion-2.jpg\"><img loading=\"lazy\" decoding=\"async\" class=\"aligncenter wp-image-5265 size-large\" src=\"http:\/\/blog.cancaonova.com\/paraguay\/files\/2025\/03\/pasion-2-600x300.jpg\" alt=\"\" width=\"600\" height=\"300\" srcset=\"https:\/\/blog.cancaonova.com\/paraguay\/files\/2025\/03\/pasion-2-600x300.jpg 600w, https:\/\/blog.cancaonova.com\/paraguay\/files\/2025\/03\/pasion-2-300x150.jpg 300w, https:\/\/blog.cancaonova.com\/paraguay\/files\/2025\/03\/pasion-2-150x75.jpg 150w\" sizes=\"(max-width: 600px) 100vw, 600px\" \/><\/a><\/p>\n<p><span style=\"font-weight: 400\">El <\/span><b>Mi\u00e9rcoles de Ceniza<\/b><span style=\"font-weight: 400\"> marca el comienzo de la Cuaresma. Durante este d\u00eda, los fieles reciben <\/span><b>cenizas<\/b><span style=\"font-weight: 400\"> en la frente, acompa\u00f1adas de las palabras: <\/span><b>&#8220;Recuerda que eres polvo y al polvo volver\u00e1s&#8221;<\/b><span style=\"font-weight: 400\"> (G\u00e9nesis 3:19). Este gesto tiene un profundo significado:<\/span><\/p>\n<p><b>Arrepentimiento<\/b><span style=\"font-weight: 400\">: Las cenizas simbolizan el deseo de conversi\u00f3n y el retorno a Dios.<\/span><\/p>\n<p><b>Humildad<\/b><span style=\"font-weight: 400\">: Nos recuerdan la <\/span><b>fragilidad de la vida humana<\/b><span style=\"font-weight: 400\"> y la necesidad de confiar en Dios.<\/span><\/p>\n<p><b>Esperanza<\/b><span style=\"font-weight: 400\">: Aunque somos polvo, confiamos en la <\/span><b>resurrecci\u00f3n<\/b><span style=\"font-weight: 400\"> y la vida eterna.<\/span><\/p>\n<p><span style=\"font-weight: 400\">El Mi\u00e9rcoles de Ceniza nos invita a reflexionar sobre la <\/span><b>efimeridad de la vida<\/b><span style=\"font-weight: 400\"> y a centrarnos en lo que realmente importa: nuestra relaci\u00f3n con Dios y con los dem\u00e1s.<\/span><\/p>\n<h3 style=\"text-align: center\"><span style=\"font-weight: 400\">\u00a0<\/span><b>El Sentido Espiritual de la Cuaresma<\/b><\/h3>\n<p><a href=\"http:\/\/blog.cancaonova.com\/paraguay\/files\/2025\/03\/pasion-3.jpg\"><img loading=\"lazy\" decoding=\"async\" class=\"size-medium wp-image-5266 alignleft\" src=\"http:\/\/blog.cancaonova.com\/paraguay\/files\/2025\/03\/pasion-3-172x300.jpg\" alt=\"\" width=\"172\" height=\"300\" srcset=\"https:\/\/blog.cancaonova.com\/paraguay\/files\/2025\/03\/pasion-3-172x300.jpg 172w, https:\/\/blog.cancaonova.com\/paraguay\/files\/2025\/03\/pasion-3.jpg 515w\" sizes=\"(max-width: 172px) 100vw, 172px\" \/><\/a><\/p>\n<p><span style=\"font-weight: 400\">La Cuaresma es un tiempo para <\/span><b>renovar nuestra fe<\/b><span style=\"font-weight: 400\"> y <\/span><b>preparar nuestro coraz\u00f3n<\/b><span style=\"font-weight: 400\"> para la Pascua. A trav\u00e9s de las <\/span><b>pr\u00e1cticas cuaresmales<\/b><span style=\"font-weight: 400\">, buscamos crecer espiritualmente y acercarnos m\u00e1s a Dios. Estas pr\u00e1cticas incluyen:<\/span><\/p>\n<p><span style=\"font-weight: 400\">El ayuno es una forma de <\/span><b>dominio propio<\/b><span style=\"font-weight: 400\"> y <\/span><b>purificaci\u00f3n<\/b><span style=\"font-weight: 400\">. Durante la Cuaresma, muchos fieles deciden abstenerse de ciertos alimentos, como la <\/span><b>carne roja<\/b><span style=\"font-weight: 400\"> o los <\/span><b>dulces<\/b><span style=\"font-weight: 400\">, especialmente los <\/span><b>viernes<\/b><span style=\"font-weight: 400\">. El <\/span><b>Viernes Santo<\/b><span style=\"font-weight: 400\"> es un d\u00eda de abstinencia obligatoria, donde tradicionalmente se consume pescado en lugar de carne.<\/span><\/p>\n<p><span style=\"font-weight: 400\">La Cuaresma es un tiempo para <\/span><b>intensificar nuestra vida de oraci\u00f3n<\/b><span style=\"font-weight: 400\">. A trav\u00e9s de la oraci\u00f3n, nos conectamos con Dios y le pedimos la gracia de vivir una vida m\u00e1s santa.<\/span><\/p>\n<p><span style=\"font-weight: 400\">Las obras de caridad son una expresi\u00f3n concreta de nuestro amor al pr\u00f3jimo. Durante la Cuaresma, se nos invita a ser <\/span><b>generosos<\/b><span style=\"font-weight: 400\"> y a ayudar a quienes m\u00e1s lo necesitan.<\/span><\/p>\n<p><span style=\"font-weight: 400\">Uno de los mensajes m\u00e1s importantes de la Cuaresma es que <\/span><b>no debemos aferrarnos a esta vida terrenal<\/b><span style=\"font-weight: 400\">. Muchas personas, incluso cristianos, pasan su vida intentando <\/span><b>&#8220;construir el Cielo en la Tierra&#8221;<\/b><span style=\"font-weight: 400\">, buscando una felicidad perfecta en un mundo marcado por el pecado y el sufrimiento. Sin embargo, como nos recuerda la par\u00e1bola del <\/span><b>hombre rico<\/b><span style=\"font-weight: 400\"> (Lucas 12:16-21), la vida es <\/span><b>ef\u00edmera<\/b><span style=\"font-weight: 400\"> y nuestra verdadera morada es el <\/span><b>Cielo<\/b><span style=\"font-weight: 400\">.<\/span><\/p>\n<p><span style=\"font-weight: 400\">La Cuaresma nos ense\u00f1a a <\/span><b>desapegarnos<\/b><span style=\"font-weight: 400\"> de las cosas materiales y a centrarnos en lo que realmente perdura: <\/span><b>el amor a Dios y al pr\u00f3jimo<\/b><span style=\"font-weight: 400\">.<\/span><\/p>\n<h2 style=\"text-align: center\"><b>Invitaci\u00f3n a la Peregrinaci\u00f3n de Semana Santa<\/b><\/h2>\n<p><a href=\"http:\/\/blog.cancaonova.com\/paraguay\/files\/2025\/03\/semana-santa-3.jpeg\"><img loading=\"lazy\" decoding=\"async\" class=\"alignnone wp-image-5267 size-full\" src=\"http:\/\/blog.cancaonova.com\/paraguay\/files\/2025\/03\/semana-santa-3.jpeg\" alt=\"\" width=\"1080\" height=\"1350\" srcset=\"https:\/\/blog.cancaonova.com\/paraguay\/files\/2025\/03\/semana-santa-3.jpeg 1080w, https:\/\/blog.cancaonova.com\/paraguay\/files\/2025\/03\/semana-santa-3-240x300.jpeg 240w, https:\/\/blog.cancaonova.com\/paraguay\/files\/2025\/03\/semana-santa-3-768x960.jpeg 768w\" sizes=\"(max-width: 1080px) 100vw, 1080px\" \/><\/a><\/p>\n<p><span style=\"font-weight: 400\">La Cuaresma nos prepara para vivir con intensidad la <\/span><b>Semana Santa<\/b><span style=\"font-weight: 400\">, el momento m\u00e1s importante del a\u00f1o lit\u00fargico. Si deseas profundizar en tu fe y vivir una experiencia espiritual inolvidable, te invitamos a participar en nuestra <\/span><b>Peregrinaci\u00f3n a la Sede de la Comunidad Canci\u00f3n Nueva y el Santuario Nacional en Aparecida &#8211; Brasil<\/b><span style=\"font-weight: 400\">.<\/span><\/p>\n<h3><b>\u00a1SEMANA SANTA EN BRASIL!<\/b><\/h3>\n<ul>\n<li><span style=\"font-weight: 400\"> \u00a0 \u00a0 \u00a0 \u00a0 <\/span><b>Salida<\/b><span style=\"font-weight: 400\">: Martes 15 de abril, 21:00 Hs., desde la Parroquia Domingo Savio (San Lorenzo, Paraguay).<\/span><\/li>\n<li><span style=\"font-weight: 400\"> \u00a0 \u00a0 \u00a0 \u00a0 <\/span><b>Destino<\/b><span style=\"font-weight: 400\">: Santuario de Nuestra Se\u00f1ora Aparecida y Sede de Canci\u00f3n Nueva (Cachoeira Paulista, S\u00e3o Paulo, Brasil).<\/span><\/li>\n<li><span style=\"font-weight: 400\"> \u00a0 \u00a0 \u00a0 \u00a0 <\/span><b>Actividades<\/b><span style=\"font-weight: 400\">: Participaci\u00f3n en las celebraciones de Semana Santa, visitas al Santuario de Aparecida y momentos de oraci\u00f3n y reflexi\u00f3n.<\/span><\/li>\n<li><span style=\"font-weight: 400\"> \u00a0 \u00a0 \u00a0 \u00a0 <\/span><b>Regreso<\/b><span style=\"font-weight: 400\">: Domingo 20 de abril, 01:00 Hs.<\/span><\/li>\n<\/ul>\n<p><b>Informaciones<\/b><span style=\"font-weight: 400\">: 0986 273932. \u00a1No te lo pierdas! Esta es una oportunidad \u00fanica para renovar tu fe y prepararte para la Pascua.<\/span><\/p>\n<p><span style=\"font-weight: 400\">\u00a0<\/span><b>\u00a1Feliz Cuaresma!<\/b><\/p>\n<h3 style=\"text-align: center\"><a href=\"https:\/\/blog.cancaonova.com\/paraguay\/grupo-de-oracion-comunidad-cancion-nueva\/\"><strong>Canci\u00f3n Nueva Paraguay<\/strong><\/a><a href=\"http:\/\/blog.cancaonova.com\/paraguay\/files\/2010\/05\/logo.jpeg\"><img loading=\"lazy\" decoding=\"async\" class=\"wp-image-3922 aligncenter\" src=\"http:\/\/blog.cancaonova.com\/paraguay\/files\/2010\/05\/logo-300x300.jpeg\" alt=\"\" width=\"141\" height=\"141\" srcset=\"https:\/\/blog.cancaonova.com\/paraguay\/files\/2010\/05\/logo-300x300.jpeg 300w, https:\/\/blog.cancaonova.com\/paraguay\/files\/2010\/05\/logo-150x150.jpeg 150w, https:\/\/blog.cancaonova.com\/paraguay\/files\/2010\/05\/logo-768x768.jpeg 768w, https:\/\/blog.cancaonova.com\/paraguay\/files\/2010\/05\/logo-144x144.jpeg 144w, https:\/\/blog.cancaonova.com\/paraguay\/files\/2010\/05\/logo.jpeg 900w\" sizes=\"(max-width: 141px) 100vw, 141px\" \/><\/a>Contacto\/ whatsapp:<\/h3>\n<h3 style=\"text-align: center\">\ud83d\udcf2<a href=\"https:\/\/abrir.link\/ContactoGeneralCNPY\" target=\"_blank\" rel=\"noopener\">\u00a0\u00a0\u00a0+595 986 273932<\/a><\/h3>\n<h6 style=\"text-align: center\">\u00a0\ud83d\udce9\u00a0coordinacionpy@cancaonova.com<\/h6>\n<h4 style=\"text-align: center\">\u00a1Evangeliza con nosotros!<\/h4>\n","protected":false},"excerpt":{"rendered":"<p>\u00bfQu\u00e9 Significa la Palabra &#8220;Cuaresma&#8221;? La Cuaresma es uno de los per\u00edodos m\u00e1s significativos en el calendario lit\u00fargico de la Iglesia Cat\u00f3lica. Es un tiempo de preparaci\u00f3n espiritual para la celebraci\u00f3n de la Pascua, marcado por pr\u00e1cticas como el ayuno,&#8230;<\/p>\n","protected":false},"author":4792,"featured_media":5269,"comment_status":"closed","ping_status":"closed","sticky":false,"template":"","format":"standard","meta":{"footnotes":""},"categories":[19400,18965],"tags":[],"modified_by":"patriciacn","_links":{"self":[{"href":"https:\/\/blog.cancaonova.com\/paraguay\/wp-json\/wp\/v2\/posts\/5262"}],"collection":[{"href":"https:\/\/blog.cancaonova.com\/paraguay\/wp-json\/wp\/v2\/posts"}],"about":[{"href":"https:\/\/blog.cancaonova.com\/paraguay\/wp-json\/wp\/v2\/types\/post"}],"author":[{"embeddable":true,"href":"https:\/\/blog.cancaonova.com\/paraguay\/wp-json\/wp\/v2\/users\/4792"}],"replies":[{"embeddable":true,"href":"https:\/\/blog.cancaonova.com\/paraguay\/wp-json\/wp\/v2\/comments?post=5262"}],"version-history":[{"count":3,"href":"https:\/\/blog.cancaonova.com\/paraguay\/wp-json\/wp\/v2\/posts\/5262\/revisions"}],"predecessor-version":[{"id":5271,"href":"https:\/\/blog.cancaonova.com\/paraguay\/wp-json\/wp\/v2\/posts\/5262\/revisions\/5271"}],"wp:featuredmedia":[{"embeddable":true,"href":"https:\/\/blog.cancaonova.com\/paraguay\/wp-json\/wp\/v2\/media\/5269"}],"wp:attachment":[{"href":"https:\/\/blog.cancaonova.com\/paraguay\/wp-json\/wp\/v2\/media?parent=5262"}],"wp:term":[{"taxonomy":"category","embeddable":true,"href":"https:\/\/blog.cancaonova.com\/paraguay\/wp-json\/wp\/v2\/categories?post=5262"},{"taxonomy":"post_tag","embeddable":true,"href":"https:\/\/blog.cancaonova.com\/paraguay\/wp-json\/wp\/v2\/tags?post=5262"}],"curies":[{"name":"wp","href":"https:\/\/api.w.org\/{rel}","templated":true}]}}