{"id":1240,"date":"2014-06-24T13:47:54","date_gmt":"2014-06-24T16:47:54","guid":{"rendered":"http:\/\/blog.cancaonova.com\/paulinia\/?p=1240"},"modified":"2014-06-24T13:47:54","modified_gmt":"2014-06-24T16:47:54","slug":"sao-joao-batista-rogai-por-nos","status":"publish","type":"post","link":"https:\/\/blog.cancaonova.com\/paulinia\/2014\/06\/24\/sao-joao-batista-rogai-por-nos\/","title":{"rendered":"S\u00e3o Jo\u00e3o Batista, rogai por n\u00f3s!"},"content":{"rendered":"<p class=\"western\">\n<p class=\"western\"><a href=\"http:\/\/blog.cancaonova.com\/paulinia\/files\/2014\/06\/saojoaob.jpg\"><img loading=\"lazy\" decoding=\"async\" class=\"aligncenter size-full wp-image-1241\" src=\"http:\/\/blog.cancaonova.com\/paulinia\/files\/2014\/06\/saojoaob.jpg\" alt=\"saojoaob\" width=\"340\" height=\"471\" srcset=\"https:\/\/blog.cancaonova.com\/paulinia\/files\/2014\/06\/saojoaob.jpg 340w, https:\/\/blog.cancaonova.com\/paulinia\/files\/2014\/06\/saojoaob-216x300.jpg 216w\" sizes=\"(max-width: 340px) 100vw, 340px\" \/><\/a><\/p>\n<p class=\"western\">\n<p class=\"western\">\n<p class=\"western\"><span style=\"color: #000000\"><span style=\"font-family: Arial, sans-serif\"><span style=\"font-size: large\">Hoje comemoramos na Igreja o dia do nascimento de S\u00e3o Jo\u00e3o Batista.<\/span><\/span><\/span><\/p>\n<p class=\"western\"><span style=\"color: #000000\"><span style=\"font-family: Arial, sans-serif\"><span style=\"font-size: large\">Jo\u00e3o foi primo de Jesus, filho de Izabel e Zacarias. Conhecido como o precursor de Jesus, sua miss\u00e3o foi preparar o caminho do Senhor.<\/span><\/span><\/span><\/p>\n<p class=\"western\"><span style=\"color: #000000\"><span style=\"font-family: Arial, sans-serif\"><span style=\"font-size: large\">Batizava os fi\u00e9is arrependidos nas \u00e1guas do Rio Jord\u00e3o, e o pr\u00f3prio Jesus pediu para ser batizado por ele. Seu batismo era um batismo de convers\u00e3o, onde ele pr\u00f3prio exclamou:\u00a0<span style=\"color: #3b3b3b\">\u00a0<\/span><i style=\"font-style: italic;color: #3b3b3b\">\u201cEu vos batizo na \u00e1gua, em vista da convers\u00e3o; mas aquele que vem depois de mim \u00e9 mais forte do que eu: eu n\u00e3o sou digno de tirar-lhe as sand\u00e1lias; ele vos batizar\u00e1 no Esp\u00edrito Santo\u201d<\/i><span style=\"color: #3b3b3b\">\u00a0(Mateus 3,11).<\/span><\/span><\/span><\/span><\/p>\n<p class=\"western\"><span style=\"color: #000000\"><span style=\"font-family: Arial, sans-serif\"><span style=\"font-size: large\">Por conta de anunciar a verdade e denunciar os pecados do povo de sua \u00e9poca, Jo\u00e3o incomodava muito. Por ordem do Rei Herodes, a pedido de Salom\u00e9, mulher de Herodes, Jo\u00e3o foi preso e decapitado. <\/span><\/span><\/span><\/p>\n<p class=\"western\"><span style=\"color: #000000\"><span style=\"font-family: Arial, sans-serif\"><span style=\"font-size: large\">Jo\u00e3o Batista viveu uma vida de santidade, austeridade e sobriedade. Jesus diz a seu respeito: &#8220;Em verdade eu vos digo, dentre o que nasceram de mulher, n\u00e3o surgiu ningu\u00e9m maior que Jo\u00e3o, o Batista&#8221; (Mt 11,11)<\/span><\/span><\/span><\/p>\n<p class=\"western\"><span style=\"color: #000000\"><span style=\"font-family: Arial, sans-serif\"><span style=\"font-size: large\">Santo de grande devo\u00e7\u00e3o popular, a ele s\u00e3o dedicadas as festividades \u201cjoaninas\u201d, realizadas no m\u00eas de junho, s\u00e3o marcadas por muita alegria, dan\u00e7as e brincadeiras.<\/span><\/span><\/span><\/p>\n<blockquote>\n<p class=\"western\">\n<p class=\"western\"><span style=\"color: #000000\"><span style=\"font-family: Arial, sans-serif\"><span style=\"font-size: large\">S\u00e3o Jo\u00e3o Batista, Rogai por n\u00f3s!<\/span><\/span><\/span><\/p>\n<p class=\"western\"><iframe loading=\"lazy\" src=\"https:\/\/fast.player.liquidplatform.com\/pApiv2\/embed\/fb8707a09b4825a397d6d7d8ea1d7f37\/c925fd9b86d93433c23fc54e5f045f90\" width=\"480\" height=\"270\" frameborder=\"0\"><\/iframe><\/p>\n<p class=\"western\">\n<p class=\"western\">Deus aben\u00e7oe voc\u00ea!<\/p>\n<\/blockquote>\n","protected":false},"excerpt":{"rendered":"<p>Hoje comemoramos na Igreja o dia do nascimento de S\u00e3o Jo\u00e3o Batista. Jo\u00e3o foi primo de Jesus, filho de Izabel e Zacarias. Conhecido como o precursor de Jesus, sua miss\u00e3o foi preparar o caminho do Senhor. Batizava os fi\u00e9is arrependidos&#8230;<\/p>\n","protected":false},"author":4532,"featured_media":0,"comment_status":"closed","ping_status":"open","sticky":false,"template":"","format":"standard","meta":{"_mi_skip_tracking":false,"_monsterinsights_sitenote_active":false,"_monsterinsights_sitenote_note":"","_monsterinsights_sitenote_category":0,"footnotes":""},"categories":[4],"tags":[],"_links":{"self":[{"href":"https:\/\/blog.cancaonova.com\/paulinia\/wp-json\/wp\/v2\/posts\/1240"}],"collection":[{"href":"https:\/\/blog.cancaonova.com\/paulinia\/wp-json\/wp\/v2\/posts"}],"about":[{"href":"https:\/\/blog.cancaonova.com\/paulinia\/wp-json\/wp\/v2\/types\/post"}],"author":[{"embeddable":true,"href":"https:\/\/blog.cancaonova.com\/paulinia\/wp-json\/wp\/v2\/users\/4532"}],"replies":[{"embeddable":true,"href":"https:\/\/blog.cancaonova.com\/paulinia\/wp-json\/wp\/v2\/comments?post=1240"}],"version-history":[{"count":2,"href":"https:\/\/blog.cancaonova.com\/paulinia\/wp-json\/wp\/v2\/posts\/1240\/revisions"}],"predecessor-version":[{"id":1243,"href":"https:\/\/blog.cancaonova.com\/paulinia\/wp-json\/wp\/v2\/posts\/1240\/revisions\/1243"}],"wp:attachment":[{"href":"https:\/\/blog.cancaonova.com\/paulinia\/wp-json\/wp\/v2\/media?parent=1240"}],"wp:term":[{"taxonomy":"category","embeddable":true,"href":"https:\/\/blog.cancaonova.com\/paulinia\/wp-json\/wp\/v2\/categories?post=1240"},{"taxonomy":"post_tag","embeddable":true,"href":"https:\/\/blog.cancaonova.com\/paulinia\/wp-json\/wp\/v2\/tags?post=1240"}],"curies":[{"name":"wp","href":"https:\/\/api.w.org\/{rel}","templated":true}]}}