{"id":3635,"date":"2022-08-17T10:15:58","date_gmt":"2022-08-17T13:15:58","guid":{"rendered":"https:\/\/blog.cancaonova.com\/paulinia\/?p=3635"},"modified":"2022-11-07T14:23:20","modified_gmt":"2022-11-07T17:23:20","slug":"maranatha-esta-com-inscricoes-abertas","status":"publish","type":"post","link":"https:\/\/blog.cancaonova.com\/paulinia\/2022\/08\/17\/maranatha-esta-com-inscricoes-abertas\/","title":{"rendered":"Inscri\u00e7\u00f5es Aberta para o MARANATH\u00c1!"},"content":{"rendered":"<h2><strong>Chegou sua hora de viver uma experi\u00eancia impactante e tra<\/strong><strong>nsformadora em sua vida!<\/strong><\/h2>\n<p><img loading=\"lazy\" decoding=\"async\" class=\"aligncenter size-large wp-image-3448\" src=\"https:\/\/blog.cancaonova.com\/paulinia\/files\/2022\/01\/maranatha-600x300.png\" alt=\"\" width=\"600\" height=\"300\" srcset=\"https:\/\/blog.cancaonova.com\/paulinia\/files\/2022\/01\/maranatha-600x300.png 600w, https:\/\/blog.cancaonova.com\/paulinia\/files\/2022\/01\/maranatha-300x150.png 300w, https:\/\/blog.cancaonova.com\/paulinia\/files\/2022\/01\/maranatha-150x75.png 150w\" sizes=\"(max-width: 600px) 100vw, 600px\" \/><\/p>\n<p>Voc\u00ea n\u00e3o pode perder a <strong>2\u00aa Edi\u00e7\u00e3o do Retiro<\/strong>\u00a0<strong>MARANATH\u00c1 <\/strong>realizado\u00a0pela Comunidade Can\u00e7\u00e3o Nova de Paul\u00ednia (SP). O evento vai acontecer nos dias 7,8 e 9 de outubro em Paul\u00ednia.<\/p>\n<p>IMPORTANTE: <strong>as vagas s\u00e3o limitadas e<em> e<\/em><em>xclus<\/em><em>ivas para jovens de 16 a 30 anos!<\/em><\/strong><\/p>\n<p>A vida n\u00e3o veio com manual de instru\u00e7\u00e3o, no entanto, ouvimos, a todo instante, o que devemos fazer. Vozes est\u00e3o pelas ruas, celulares e aqueles que se dizem \u201camigos\u201d est\u00e3o, literalmente, mandando o que voc\u00ea deve vestir, falar, como se comportar e quais escolhas voc\u00ea deve fazer.<\/p>\n<p>Quantas vezes voc\u00ea obedeceu a essas vozes e, no final, o que lhe sobrou foi a solid\u00e3o, o vazio, o nojo de ter sido usado ou a raiva de ter sido um fantoche?<\/p>\n<p>Mesmo a culpa n\u00e3o sendo sua, na maioria das vezes, voc\u00ea se culpou. <em>Voc\u00ea j\u00e1 entendeu que n\u00e3o d\u00e1 mais para levar a vida desse jeito.<\/em><\/p>\n<p>S\u00f3 h\u00e1 uma voz que pode mudar os rumos da sua hist\u00f3ria e apontar onde est\u00e1 a felicidade: <em>a voz de Deus! E<\/em>\u00a0para ouvi-la, \u00e9 preciso clamar: <strong>\u201cMARANATH\u00c1, VEM SENHOR JESUS!\u201d<\/strong>.<\/p>\n<p>Se voc\u00ea percebe a necessidade de um impacto transformador na sua vida, n\u00e3o perca tempo, e inscreva-se agora mesmo!<br \/>\n<a href=\"https:\/\/bit.ly\/maranata2022\"><img loading=\"lazy\" decoding=\"async\" class=\"aligncenter wp-image-3391\" src=\"https:\/\/blog.cancaonova.com\/paulinia\/files\/2021\/10\/botao-de-inscri\u00e7\u00e3o-definitivo-300x93.png\" alt=\"\" width=\"323\" height=\"100\" srcset=\"https:\/\/blog.cancaonova.com\/paulinia\/files\/2021\/10\/botao-de-inscri\u00e7\u00e3o-definitivo-300x93.png 300w, https:\/\/blog.cancaonova.com\/paulinia\/files\/2021\/10\/botao-de-inscri\u00e7\u00e3o-definitivo-768x239.png 768w, https:\/\/blog.cancaonova.com\/paulinia\/files\/2021\/10\/botao-de-inscri\u00e7\u00e3o-definitivo.png 911w\" sizes=\"(max-width: 323px) 100vw, 323px\" \/><\/a><\/p>\n<h2 style=\"text-align: center\"><strong><span style=\"color: #ff0000\">VAGAS LIMITADAS<\/span><\/strong><\/h2>\n<p>O Retiro Maranath\u00e1 foi inspirado pelo padre Jonas Abib antes de ter fundado a Can\u00e7\u00e3o Nova. O objetivo era transformar a vida dos jovens de sua gera\u00e7\u00e3o; e apesar de a inspira\u00e7\u00e3o ter mais de 45 anos, numerosos encontros como esse t\u00eam transformado a vida de muitos jovens at\u00e9 hoje.<\/p>\n<p>Neste Maranath\u00e1, teremos: Missa, prega\u00e7\u00e3o, ora\u00e7\u00e3o, din\u00e2micas e Luau.<\/p>\n<p><strong>\ud83d\uded1INFORMA\u00c7\u00d5ES IMPORTANTES:<\/strong><br \/>\n\u2705<span style=\"color: #0000ff\"><strong>Data:<\/strong> <\/span>De 7 a 9 de outubro<br \/>\n\u2705<span style=\"color: #0000ff\"><strong>Entrada:<\/strong><\/span> 18:30 da sexta-feira, dia 7\/10\/2022<br \/>\n\u2705<span style=\"color: #0000ff\"><strong>Sa\u00edda:<\/strong> <\/span>Ap\u00f3s a missa das 15h no dia 9\/10\/2022 (t\u00e9rmino por volta das 18h)<br \/>\n\u2705<strong><span style=\"color: #0000ff\">Local:<\/span><\/strong> Ch\u00e1cara Santa Cruz &#8211;\u00a0\u00a0Avenida A &#8211; Estrada PLN 190 &#8211; Paul\u00ednia &#8211; SP -\ud83d\udccd\ud83d\ude98\u00a0 <a href=\"https:\/\/bit.ly\/gpsmaranatha\" target=\"_blank\" rel=\"noopener\">Localiza\u00e7\u00e3o e Rota GPG<\/a><br \/>\n\u2705<span style=\"color: #0000ff\"><strong>Valor:<\/strong><\/span> <strong>R$ 120,00<\/strong> cada credencial. Neste valor, est\u00e3o inclu\u00eddas a alimenta\u00e7\u00e3o, a estadia de 7 a 9 de outubro e a<strong> &#8220;<span style=\"color: #0000ff\">camiseta<\/span>&#8220;<\/strong>. Pagamento: \u00e0 vista no dinheiro na Casa de Miss\u00e3o ou pelo PIX chave:\u00a0\u00a0<span style=\"color: #0000ff\"><strong>a8dc8fe8-e12a-451f-9092-8b7444173592<\/strong><\/span><\/p>\n<p><strong>OBS<\/strong>: \ud83d\udcf1 Se voc\u00ea estiver acessando por dispositivo m\u00f3vel, baixe o QRCode do PIX, envie para um parente da mesma casa e fa\u00e7a a leitura atrav\u00e9s do aplicativo do seu banco.<\/p>\n<p><img loading=\"lazy\" decoding=\"async\" class=\"aligncenter size-medium wp-image-3640\" src=\"https:\/\/blog.cancaonova.com\/paulinia\/files\/2022\/08\/Fundo-rosa-300x300.png\" alt=\"\" width=\"300\" height=\"300\" srcset=\"https:\/\/blog.cancaonova.com\/paulinia\/files\/2022\/08\/Fundo-rosa-300x300.png 300w, https:\/\/blog.cancaonova.com\/paulinia\/files\/2022\/08\/Fundo-rosa-150x150.png 150w, https:\/\/blog.cancaonova.com\/paulinia\/files\/2022\/08\/Fundo-rosa.png 500w\" sizes=\"(max-width: 300px) 100vw, 300px\" \/><\/p>\n<p>O pagamento precisar\u00e1 ser integral at\u00e9 o <strong>dia 25 de setembro<\/strong>. Ao realizar o pagamento, envie o <strong>comprovante<\/strong> para o WhatsApp <em>(19) 97130-6728<\/em> com a mensagem: &#8220;Inscri\u00e7\u00e3o do Maranath\u00e1&#8221;, ou<span style=\"color: #0000ff\"> <a href=\"https:\/\/bit.ly\/ticketmaranata22\" target=\"_blank\" rel=\"noopener\"><strong><span style=\"color: #0000ff\">clique aqui<\/span> <\/strong><\/a><\/span>para acesso direto, se inclusive voc\u00ea tirar alguma duvida neste contato.<\/p>\n<p><strong>ATEN\u00c7\u00c3O: A INSCRI\u00c7\u00c3O S\u00d3 EST\u00c1 GARANTIDA MEDIANTE O PREENCHIMENTO DO FORMUL\u00c1RIO QUE EST\u00c1 NO BOT\u00c3O &#8220;FA\u00c7A SUA INSCRI\u00c7\u00c3O&#8221; E O PAGAMENTO INTEGRAL.<\/strong><\/p>\n<p>&nbsp;<\/p>\n<p style=\"text-align: center\"><a href=\"https:\/\/bit.ly\/maranata2022\"><img loading=\"lazy\" decoding=\"async\" class=\"aligncenter size-medium wp-image-3391\" src=\"https:\/\/blog.cancaonova.com\/paulinia\/files\/2021\/10\/botao-de-inscri\u00e7\u00e3o-definitivo-300x93.png\" alt=\"\" width=\"300\" height=\"93\" srcset=\"https:\/\/blog.cancaonova.com\/paulinia\/files\/2021\/10\/botao-de-inscri\u00e7\u00e3o-definitivo-300x93.png 300w, https:\/\/blog.cancaonova.com\/paulinia\/files\/2021\/10\/botao-de-inscri\u00e7\u00e3o-definitivo-768x239.png 768w, https:\/\/blog.cancaonova.com\/paulinia\/files\/2021\/10\/botao-de-inscri\u00e7\u00e3o-definitivo.png 911w\" sizes=\"(max-width: 300px) 100vw, 300px\" \/><\/a><\/p>\n<h2 style=\"text-align: center\"><strong><span style=\"color: #ff0000\">VAGAS LIMITADAS<\/span><\/strong><\/h2>\n<p><strong>A INSCRI\u00c7\u00c3O S\u00d3 EST\u00c1 GARANTIDA MEDIANTE O PREENCHIMENTO DO FORMUL\u00c1RIO QUE EST\u00c1 NO BOT\u00c3O \u201cCLIQUE AQUI PARA SE INSCREVER\u201d E O PAGAMENTO INTEGRAL.<\/strong><\/p>\n<p><strong>Como ser\u00e3o as acomoda\u00e7\u00f5es?<\/strong><\/p>\n<p>Os quartos ser\u00e3o separados por sexo.<\/p>\n<p><strong>O que preciso levar?<\/strong><\/p>\n<p>Caderno e B\u00edblia. \u00c9 necess\u00e1rio levar tamb\u00e9m toalha, roupa de cama e roupas para 2 dias.<\/p>\n<p><strong>Menores de 18 anos<\/strong> dever\u00e3o comparecer no credenciamento com autoriza\u00e7\u00e3o por escrito e assinada pelo seu pai, m\u00e3e ou respons\u00e1vel legal.<\/p>\n<p><strong><span style=\"color: #0000ff\"><a href=\"https:\/\/drive.google.com\/file\/d\/1_kPyGh8VQUIiXV2Dw0j0bZbJ5JfgEC1j\/view?usp=sharing\" target=\"_blank\" rel=\"noopener\">CLICA AQUI<\/a> <\/span><\/strong>e baixe o <strong><em>termo de responsabilidade<\/em> <\/strong>do evento: &#8220;Maranath\u00e1 outubro\/2022&#8221;<\/p>\n<p>&nbsp;<\/p>\n","protected":false},"excerpt":{"rendered":"<p>Chegou sua hora de viver uma experi\u00eancia impactante e transformadora em sua vida! Voc\u00ea n\u00e3o pode perder a 2\u00aa Edi\u00e7\u00e3o do Retiro\u00a0MARANATH\u00c1 realizado\u00a0pela Comunidade Can\u00e7\u00e3o Nova de Paul\u00ednia (SP). O evento vai acontecer nos dias 7,8 e 9 de outubro&#8230;<\/p>\n","protected":false},"author":4539,"featured_media":3448,"comment_status":"open","ping_status":"open","sticky":false,"template":"","format":"standard","meta":{"_mi_skip_tracking":false,"_monsterinsights_sitenote_active":false,"_monsterinsights_sitenote_note":"","_monsterinsights_sitenote_category":0,"footnotes":""},"categories":[19],"tags":[],"_links":{"self":[{"href":"https:\/\/blog.cancaonova.com\/paulinia\/wp-json\/wp\/v2\/posts\/3635"}],"collection":[{"href":"https:\/\/blog.cancaonova.com\/paulinia\/wp-json\/wp\/v2\/posts"}],"about":[{"href":"https:\/\/blog.cancaonova.com\/paulinia\/wp-json\/wp\/v2\/types\/post"}],"author":[{"embeddable":true,"href":"https:\/\/blog.cancaonova.com\/paulinia\/wp-json\/wp\/v2\/users\/4539"}],"replies":[{"embeddable":true,"href":"https:\/\/blog.cancaonova.com\/paulinia\/wp-json\/wp\/v2\/comments?post=3635"}],"version-history":[{"count":21,"href":"https:\/\/blog.cancaonova.com\/paulinia\/wp-json\/wp\/v2\/posts\/3635\/revisions"}],"predecessor-version":[{"id":3672,"href":"https:\/\/blog.cancaonova.com\/paulinia\/wp-json\/wp\/v2\/posts\/3635\/revisions\/3672"}],"wp:featuredmedia":[{"embeddable":true,"href":"https:\/\/blog.cancaonova.com\/paulinia\/wp-json\/wp\/v2\/media\/3448"}],"wp:attachment":[{"href":"https:\/\/blog.cancaonova.com\/paulinia\/wp-json\/wp\/v2\/media?parent=3635"}],"wp:term":[{"taxonomy":"category","embeddable":true,"href":"https:\/\/blog.cancaonova.com\/paulinia\/wp-json\/wp\/v2\/categories?post=3635"},{"taxonomy":"post_tag","embeddable":true,"href":"https:\/\/blog.cancaonova.com\/paulinia\/wp-json\/wp\/v2\/tags?post=3635"}],"curies":[{"name":"wp","href":"https:\/\/api.w.org\/{rel}","templated":true}]}}