{"id":3709,"date":"2023-01-12T14:47:26","date_gmt":"2023-01-12T17:47:26","guid":{"rendered":"https:\/\/blog.cancaonova.com\/paulinia\/?p=3709"},"modified":"2023-01-13T10:30:04","modified_gmt":"2023-01-13T13:30:04","slug":"participe-kairos-reinflama-com-presenca-moises-rocha","status":"publish","type":"post","link":"https:\/\/blog.cancaonova.com\/paulinia\/2023\/01\/12\/participe-kairos-reinflama-com-presenca-moises-rocha\/","title":{"rendered":"Participe do Kair\u00f3s Reinflama com a presen\u00e7a do Mois\u00e9s Rocha"},"content":{"rendered":"<h3>&#8220;Para ser reinflamado no Esp\u00edrito e nos seus dons infusos e carism\u00e1ticos, \u00e9 preciso <em>querer fazer a vontade de Deus<\/em>.&#8221; Professor Felipe Aquino<\/h3>\n<p>No pr\u00f3ximo domingo, 15 de janeiro, a Comunidade Can\u00e7\u00e3o Nova realizar\u00e1, em sua Casa de Miss\u00e3o na cidade de Paul\u00ednia(SP), o Kair\u00f3s Reinflama. O evento contar\u00e1 com a presen\u00e7a do mission\u00e1rio e pregador cat\u00f3lico Mois\u00e9s Rocha.<\/p>\n<p>O Kair\u00f3s Reinflama ser\u00e1 um evento de avivamento dos dons carism\u00e1ticos por meio da prega\u00e7\u00e3o, efus\u00e3o do Esp\u00edrito. Confira a programa\u00e7\u00e3o abaixo da foto e organize-se para participar deste momento de gra\u00e7a.<\/p>\n<div id=\"attachment_3710\" style=\"width: 806px\" class=\"wp-caption aligncenter\"><img loading=\"lazy\" decoding=\"async\" aria-describedby=\"caption-attachment-3710\" class=\"wp-image-3710\" src=\"https:\/\/blog.cancaonova.com\/paulinia\/files\/2023\/01\/Moises-Rocha-na-Can\u00e7\u00e3o-Nova-Paul\u00ednia.png\" alt=\"\" width=\"796\" height=\"597\" srcset=\"https:\/\/blog.cancaonova.com\/paulinia\/files\/2023\/01\/Moises-Rocha-na-Can\u00e7\u00e3o-Nova-Paul\u00ednia.png 1600w, https:\/\/blog.cancaonova.com\/paulinia\/files\/2023\/01\/Moises-Rocha-na-Can\u00e7\u00e3o-Nova-Paul\u00ednia-300x225.png 300w, https:\/\/blog.cancaonova.com\/paulinia\/files\/2023\/01\/Moises-Rocha-na-Can\u00e7\u00e3o-Nova-Paul\u00ednia-768x576.png 768w\" sizes=\"(max-width: 796px) 100vw, 796px\" \/><p id=\"caption-attachment-3710\" class=\"wp-caption-text\">Mois\u00e9s Rocha \u00e9 fundador e moderador geral da Comunidade Filhos de Jo\u00e3o Batista. FOTO: Arquivo\/Can\u00e7\u00e3o Nova<\/p><\/div>\n<h2><strong>Programa\u00e7\u00e3o:<\/strong><\/h2>\n<div><strong>08h30<\/strong> &#8211; Acolhida e primeiros avisos<\/div>\n<div><strong>09h00<\/strong> &#8211; Anima\u00e7\u00e3o e Ora\u00e7\u00e3o Inicial<\/div>\n<div><strong>09h30<\/strong> &#8211; Prega\u00e7\u00e3o: <strong>&#8220;A profecia \u00e9 para todos<\/strong>&#8220;(1 Cor 14,1) &#8211; Mois\u00e9s Rocha<\/div>\n<div><strong>10h30<\/strong> &#8211; Intervalo<\/div>\n<div><strong>10h45<\/strong> &#8211; Prega\u00e7\u00e3o: <strong>Recebereis o poder do Esp\u00edrito Santo. (Atos 1,18a)<\/strong> &#8211; Mois\u00e9s Rocha<\/div>\n<div><strong>11h45<\/strong> &#8211; Momento forte de ora\u00e7\u00e3o &#8211; <strong>Efus\u00e3o do Esp\u00edrito<\/strong>\u00a0&#8211; Mois\u00e9s Rocha e Can\u00e7\u00e3o Nova<\/div>\n<div><strong>12h30<\/strong> &#8211; Intervalo para almo\u00e7o<strong>*<\/strong><\/div>\n<div><strong>14h00<\/strong> &#8211; Santa Missa<\/div>\n<div><strong>15h30<\/strong> &#8211; Encerramento<\/div>\n<div><\/div>\n<div><strong>* Obs.<\/strong>: <em>No local, estar\u00e3o funcionado lanchonete e bazar. Infelizmente, por quest\u00f5es estruturais, n\u00e3o serviremos almo\u00e7o.\u00a0<\/em><\/div>\n<div><\/div>\n<div><span style=\"color: #ff0000\">Restaurantes pr\u00f3ximos em funcionamento no domingo:<\/span><\/div>\n<div>\n<p>Shoopping Paul\u00ednia | MacDonald&#8217;s | Ponto da Esfiha<\/p>\n<p>&nbsp;<\/p>\n<\/div>\n<div><span style=\"color: #000000\"><strong>INFORMA\u00c7\u00d5ES<\/strong><\/span>:\u00a0 \ud83d\udcde 19 3844-8500<\/div>\n<div>\n<div><span style=\"color: #000000\"><strong>Localiza\u00e7\u00e3o<\/strong><\/span>:\u00a0\ud83d\udccd <a href=\"https:\/\/goo.gl\/maps\/XHk85pvxrjEfEKnF6\" target=\"_blank\" rel=\"noopener\">https:\/\/goo.gl\/maps\/XHk85pvxrjEfEKnF6<\/a><\/div>\n<div><span style=\"color: #000000;font-size: 16px\"><strong>Endere\u00e7o: <\/strong>Can\u00e7\u00e3o Nova Paul\u00ednia &#8211; Avenida Prefeito Jos\u00e9 Lozano Ara\u00fajo, 1021 &#8211; Jardim Am\u00e9rica &#8211; Paul\u00ednia (SP)<br \/>\n<\/span><\/div>\n<div><strong>Conte\u00fados:<\/strong>\u00a0 \ud83d\udfe2 <span style=\"color: #000000\">Receba os conte\u00fados e as divulga\u00e7\u00f5es da Can\u00e7\u00e3o Nova Paul\u00ednia no seu WhatsApp.<\/span>\u00a0 <a href=\"https:\/\/chat.whatsapp.com\/GoCR26xycNp9111KJNgzjc\" target=\"_blank\" rel=\"noopener\">CLIQUE AQUI<\/a><\/div>\n<\/div>\n<h2><strong><em>Sobre o pregador:<\/em><\/strong><\/h2>\n<div><em>Mois\u00e9s Rocha \u00e9 fundador e moderador geral da Comunidade Filhos de Jo\u00e3o Batista. Ele exerce o Minist\u00e9rio de Prega\u00e7\u00e3o Nacional desde 1995, tendo j\u00e1 pregado em mais de 400 cidades brasileiras e em pa\u00edses como Jap\u00e3o, Inglaterra e Estados Unidos. <a href=\"https:\/\/www.filhosdejoaobatista.com.br\/fundador\" target=\"_blank\" rel=\"noopener\">Leia mais.<\/a><\/em><\/div>\n","protected":false},"excerpt":{"rendered":"<p>Participe do Kair\u00f3s Reinflama com o Moises Rocha na Comunidade Can\u00e7\u00e3o Nova em Paul\u00ednia. <a href=\"https:\/\/blog.cancaonova.com\/paulinia\/2023\/01\/12\/participe-kairos-reinflama-com-presenca-moises-rocha\/\">Continue lendo <span class=\"meta-nav\">&rarr;<\/span><\/a><\/p>\n","protected":false},"author":4539,"featured_media":3710,"comment_status":"open","ping_status":"open","sticky":false,"template":"","format":"standard","meta":{"_mi_skip_tracking":false,"_monsterinsights_sitenote_active":false,"_monsterinsights_sitenote_note":"","_monsterinsights_sitenote_category":0,"footnotes":""},"categories":[19],"tags":[],"_links":{"self":[{"href":"https:\/\/blog.cancaonova.com\/paulinia\/wp-json\/wp\/v2\/posts\/3709"}],"collection":[{"href":"https:\/\/blog.cancaonova.com\/paulinia\/wp-json\/wp\/v2\/posts"}],"about":[{"href":"https:\/\/blog.cancaonova.com\/paulinia\/wp-json\/wp\/v2\/types\/post"}],"author":[{"embeddable":true,"href":"https:\/\/blog.cancaonova.com\/paulinia\/wp-json\/wp\/v2\/users\/4539"}],"replies":[{"embeddable":true,"href":"https:\/\/blog.cancaonova.com\/paulinia\/wp-json\/wp\/v2\/comments?post=3709"}],"version-history":[{"count":12,"href":"https:\/\/blog.cancaonova.com\/paulinia\/wp-json\/wp\/v2\/posts\/3709\/revisions"}],"predecessor-version":[{"id":3723,"href":"https:\/\/blog.cancaonova.com\/paulinia\/wp-json\/wp\/v2\/posts\/3709\/revisions\/3723"}],"wp:featuredmedia":[{"embeddable":true,"href":"https:\/\/blog.cancaonova.com\/paulinia\/wp-json\/wp\/v2\/media\/3710"}],"wp:attachment":[{"href":"https:\/\/blog.cancaonova.com\/paulinia\/wp-json\/wp\/v2\/media?parent=3709"}],"wp:term":[{"taxonomy":"category","embeddable":true,"href":"https:\/\/blog.cancaonova.com\/paulinia\/wp-json\/wp\/v2\/categories?post=3709"},{"taxonomy":"post_tag","embeddable":true,"href":"https:\/\/blog.cancaonova.com\/paulinia\/wp-json\/wp\/v2\/tags?post=3709"}],"curies":[{"name":"wp","href":"https:\/\/api.w.org\/{rel}","templated":true}]}}