{"id":3735,"date":"2023-02-10T15:44:37","date_gmt":"2023-02-10T18:44:37","guid":{"rendered":"https:\/\/blog.cancaonova.com\/paulinia\/?p=3735"},"modified":"2023-02-24T21:00:26","modified_gmt":"2023-02-25T00:00:26","slug":"cerco-de-jerico-2023","status":"publish","type":"post","link":"https:\/\/blog.cancaonova.com\/paulinia\/2023\/02\/10\/cerco-de-jerico-2023\/","title":{"rendered":"Cerco de Jeric\u00f3 2023"},"content":{"rendered":"<h1><strong><em>&#8220;Ao Nome de Jesus, todo joelho se dobre&#8221; (Fl 2,10)<\/em><\/strong><\/h1>\n<p><span style=\"font-weight: 400\">De 6 a 13 mar\u00e7o de 2023 , a Comunidade Can\u00e7\u00e3o Nova realizar\u00e1, em sua Casa de Miss\u00e3o na cidade de Paul\u00ednia(SP), o Cerco de Jeric\u00f3. O evento contar\u00e1 com a presen\u00e7a dos sacerdotes Padre Jos\u00e9 Augusto, Padre Rene Jos\u00e9, Padre Sirlei Oliveira, Padre F\u00e1bio Lima, Padre Arlon, Padre Gevanildo Torres, Padre Ivan Paix\u00e3o e Padre Edmilson Lopes; e dos mission\u00e1rios da Comunidade Can\u00e7\u00e3o Nova em Paul\u00ednia (SP). <\/span><\/p>\n<p><span style=\"font-weight: 400\">O Cerco de Jeric\u00f3 \u00e9 um tempo forte de f\u00e9 e intercess\u00e3o. Ser\u00e3o noites com o Santo Ter\u00e7o, Santa Missa e Adora\u00e7\u00e3o ao Sant\u00edssimo, onde todos nos uniremos em nome de Jesus para que toda muralha possa ser derrubada.<\/span><\/p>\n<h2><strong><img loading=\"lazy\" decoding=\"async\" class=\"aligncenter wp-image-3745 size-full\" src=\"https:\/\/blog.cancaonova.com\/paulinia\/files\/2023\/02\/Cerco-de-Jeric\u00f3-PANFLETO-1600-\u00d7-1200-px-1.png\" alt=\"\" width=\"1600\" height=\"1200\" srcset=\"https:\/\/blog.cancaonova.com\/paulinia\/files\/2023\/02\/Cerco-de-Jeric\u00f3-PANFLETO-1600-\u00d7-1200-px-1.png 1600w, https:\/\/blog.cancaonova.com\/paulinia\/files\/2023\/02\/Cerco-de-Jeric\u00f3-PANFLETO-1600-\u00d7-1200-px-1-300x225.png 300w, https:\/\/blog.cancaonova.com\/paulinia\/files\/2023\/02\/Cerco-de-Jeric\u00f3-PANFLETO-1600-\u00d7-1200-px-1-768x576.png 768w\" sizes=\"(max-width: 1600px) 100vw, 1600px\" \/>Programa\u00e7\u00e3o do Cerco de Jeric\u00f3:<\/strong><\/h2>\n<p><strong>Segunda-feira 6\/3 &#8211; Abertura do Cerco de Jeric\u00f3<\/strong><\/p>\n<p><span style=\"font-weight: 400\">18:30 &#8211; Santo Ter\u00e7o<\/span><\/p>\n<p><span style=\"font-weight: 400\">19:30 &#8211; Santa Missa Celebrada pelo <em>Padre Jos\u00e9 Augusto<\/em>; logo ap\u00f3s, , Adora\u00e7\u00e3o ao Sant\u00edssimo<\/span><\/p>\n<p><strong>Ter\u00e7a-feira 7\/3 &#8211; Rezaremos neste dia principalmente pela Restaura\u00e7\u00e3o dos Matrim\u00f4nios<\/strong><\/p>\n<p><span style=\"font-weight: 400\">18:30 &#8211; Santo Ter\u00e7o<\/span><\/p>\n<p><span style=\"font-weight: 400\">19:30 &#8211; Santa Missa Celebrada pelo <em>Padre Rene Jos\u00e9<\/em>; logo ap\u00f3s, , Adora\u00e7\u00e3o ao Sant\u00edssimo<\/span><\/p>\n<p><strong>Quarta-feira 8\/3 &#8211;\u00a0 Rezaremos neste dia principalmente pela liberta\u00e7\u00e3o dos v\u00edcios<\/strong><\/p>\n<p><span style=\"font-weight: 400\">18:30 &#8211; Santo Ter\u00e7o<\/span><\/p>\n<p><span style=\"font-weight: 400\">19:30 &#8211; Santa Missa Celebrada pelo <em>Padre Sirlei Oliveira<\/em>; logo ap\u00f3s, Adora\u00e7\u00e3o ao Sant\u00edssimo<\/span><\/p>\n<p><strong>Quinta-feira 9\/3 &#8211;\u00a0Rezaremos neste dia principalmente pela sa\u00fade f\u00edsica.<\/strong><\/p>\n<p><span style=\"font-weight: 400\">18:30 &#8211; Santo Ter\u00e7o<\/span><\/p>\n<p><span style=\"font-weight: 400\">19:30 &#8211; Santa Missa Celebrada pelo <em>Padre F\u00e1bio Lima<\/em>; logo ap\u00f3s, Adora\u00e7\u00e3o ao Sant\u00edssimo<\/span><\/p>\n<p><strong>Sexta-feira 10\/3 &#8211; Rezaremos neste dia principalmente pelas Fam\u00edlias<\/strong><\/p>\n<p><span style=\"font-weight: 400\">18:30 &#8211; Santo Ter\u00e7o<\/span><\/p>\n<p><span style=\"font-weight: 400\">19:30 &#8211; Santa Missa Celebrada pelo <em>Padre Arlon Cristian<\/em>; logo ap\u00f3s, Adora\u00e7\u00e3o ao Sant\u00edssimo<\/span><\/p>\n<p><strong>S\u00e1bado 11\/3 &#8211; Rezaremos neste dia principalmente por processos judiciais sa\u00fade financeira e desemprego<\/strong><\/p>\n<p><span style=\"font-weight: 400\">18:30 &#8211; Santo Ter\u00e7o<\/span><\/p>\n<p><span style=\"font-weight: 400\">19:30 &#8211; Santa Missa Celebrada pelo <em>Padre Gevanildo Torres<\/em>; logo ap\u00f3s,\u00a0 Adora\u00e7\u00e3o ao Sant\u00edssimo<\/span><\/p>\n<p><strong>Domingo 12\/3 &#8211; Rezaremos neste dia principalmente pela sa\u00fade emocional e ps\u00edquica<\/strong><\/p>\n<p><span style=\"font-weight: 400\">18:30 &#8211; Santo Ter\u00e7o<\/span><\/p>\n<p><span style=\"font-weight: 400\">19:30 &#8211; Santa Missa Celebrada pelo <em>Padre Ivan Paix\u00e3o<\/em>; logo ap\u00f3s, Adora\u00e7\u00e3o ao Sant\u00edssimo<\/span><\/p>\n<p><strong>Segunda-feira 13\/3 &#8211; Encerramento do Cerco de Jeric\u00f3<\/strong><\/p>\n<p><span style=\"font-weight: 400\">18:30 &#8211; Santo Ter\u00e7o<\/span><\/p>\n<p><span style=\"font-weight: 400\">19:30 &#8211; Santa Missa Celebrada pelo <em>Padre Edmilson Lopes<\/em>; logo ap\u00f3s, Adora\u00e7\u00e3o ao Sant\u00edssimo<\/span><\/p>\n<p><i><span style=\"font-weight: 400\">*Programa\u00e7\u00e3o sujeita a altera\u00e7\u00e3o sem aviso pr\u00e9vio.<\/span><\/i><\/p>\n<h2><strong>INFORMA\u00c7\u00d5ES:\u00a0 \ud83d\udcde 19 3844-8300<\/strong><\/h2>\n<h3><span style=\"font-weight: 400\">Localiza\u00e7\u00e3o: \ud83d\udccd <a href=\"https:\/\/goo.gl\/maps\/XHk85pvxrjEfEKnF6\" target=\"_blank\" rel=\"noopener\">https:\/\/goo.gl\/maps\/XHk85pvxrjEfEKnF6<\/a><\/span><\/h3>\n<h3><span style=\"font-weight: 400\">Endere\u00e7o: Can\u00e7\u00e3o Nova Paul\u00ednia \u2013 Avenida Prefeito Jos\u00e9 Lozano Ara\u00fajo, 1021 \u2013 Jardim Am\u00e9rica \u2013 Paul\u00ednia (SP)<\/span><\/h3>\n<p><span style=\"font-weight: 400\">\u00a0\ud83d\udfe2 Receba os conte\u00fados e as divulga\u00e7\u00f5es da Can\u00e7\u00e3o Nova Paul\u00ednia no seu WhatsApp.\u00a0 <a href=\"https:\/\/chat.whatsapp.com\/Enetu3h8yZmJlkejze0tao\" target=\"_blank\" rel=\"noopener\">CLIQUE AQUI<\/a><\/span><\/p>\n<p>\ud83d\udfe2 <span style=\"color: #ff0000\"><strong>Dia 01 de Abril<\/strong><\/span> acontece o<span class=\"fe5nidar khvhiq1o r5qsrrlp i5tg98hk f9ovudaz przvwfww gx1rr48f gfz4du6o r7fjleex nz2484kf svot0ezm dcnh1tix sxl192xd t3g6t33p\"><span class=\"mpj7bzys xzlurrtv\">\u00a0<\/span><\/span>Kair\u00f3s Parresia com Mois\u00e9s Rocha na <a href=\"https:\/\/www.youtube.com\/watch?v=hm9rPK8pFDc\" target=\"_blank\" rel=\"noopener\">Can\u00e7\u00e3o Nova em Paul\u00ednia<\/a><\/p>\n<p>&nbsp;<\/p>\n","protected":false},"excerpt":{"rendered":"<p>O Cerco de Jeric\u00f3 \u00e9 um tempo forte de f\u00e9 e intercess\u00e3o. Ser\u00e3o noites com o Santo Ter\u00e7o, Santa Missa e Adora\u00e7\u00e3o ao Sant\u00edssimo, onde todos nos uniremos em nome de Jesus, para que toda muralha possa ser derrubada. <a href=\"https:\/\/blog.cancaonova.com\/paulinia\/2023\/02\/10\/cerco-de-jerico-2023\/\">Continue lendo <span class=\"meta-nav\">&rarr;<\/span><\/a><\/p>\n","protected":false},"author":4532,"featured_media":3745,"comment_status":"open","ping_status":"open","sticky":false,"template":"","format":"standard","meta":{"_mi_skip_tracking":false,"_monsterinsights_sitenote_active":false,"_monsterinsights_sitenote_note":"","_monsterinsights_sitenote_category":0,"footnotes":""},"categories":[19],"tags":[],"_links":{"self":[{"href":"https:\/\/blog.cancaonova.com\/paulinia\/wp-json\/wp\/v2\/posts\/3735"}],"collection":[{"href":"https:\/\/blog.cancaonova.com\/paulinia\/wp-json\/wp\/v2\/posts"}],"about":[{"href":"https:\/\/blog.cancaonova.com\/paulinia\/wp-json\/wp\/v2\/types\/post"}],"author":[{"embeddable":true,"href":"https:\/\/blog.cancaonova.com\/paulinia\/wp-json\/wp\/v2\/users\/4532"}],"replies":[{"embeddable":true,"href":"https:\/\/blog.cancaonova.com\/paulinia\/wp-json\/wp\/v2\/comments?post=3735"}],"version-history":[{"count":13,"href":"https:\/\/blog.cancaonova.com\/paulinia\/wp-json\/wp\/v2\/posts\/3735\/revisions"}],"predecessor-version":[{"id":3753,"href":"https:\/\/blog.cancaonova.com\/paulinia\/wp-json\/wp\/v2\/posts\/3735\/revisions\/3753"}],"wp:featuredmedia":[{"embeddable":true,"href":"https:\/\/blog.cancaonova.com\/paulinia\/wp-json\/wp\/v2\/media\/3745"}],"wp:attachment":[{"href":"https:\/\/blog.cancaonova.com\/paulinia\/wp-json\/wp\/v2\/media?parent=3735"}],"wp:term":[{"taxonomy":"category","embeddable":true,"href":"https:\/\/blog.cancaonova.com\/paulinia\/wp-json\/wp\/v2\/categories?post=3735"},{"taxonomy":"post_tag","embeddable":true,"href":"https:\/\/blog.cancaonova.com\/paulinia\/wp-json\/wp\/v2\/tags?post=3735"}],"curies":[{"name":"wp","href":"https:\/\/api.w.org\/{rel}","templated":true}]}}