{"id":3765,"date":"2023-05-18T14:57:14","date_gmt":"2023-05-18T17:57:14","guid":{"rendered":"https:\/\/blog.cancaonova.com\/paulinia\/?p=3765"},"modified":"2023-05-18T14:59:26","modified_gmt":"2023-05-18T17:59:26","slug":"enchei-vos-espirito-santo-e-o-tema-encontro-de-pentecostes-em-paulinia","status":"publish","type":"post","link":"https:\/\/blog.cancaonova.com\/paulinia\/2023\/05\/18\/enchei-vos-espirito-santo-e-o-tema-encontro-de-pentecostes-em-paulinia\/","title":{"rendered":"Enchei-vos do Esp\u00edrito Santo \u00e9 o tema do Encontro de Pentecostes em Paul\u00ednia"},"content":{"rendered":"<p>A Can\u00e7\u00e3o Nova Paul\u00ednia tem o prazer de anunciar a presen\u00e7a da Irm\u00e3 Maria Eunice em um evento gratuito nos dias 27 e 28 de Maio de 2023, na Casa de Miss\u00e3o em Paul\u00ednia. Com o tema &#8220;Enchei-vos do Esp\u00edrito Santo&#8221;, o evento ser\u00e1 marcado por momentos de ora\u00e7\u00e3o, louvor e adora\u00e7\u00e3o.<\/p>\n<div id=\"attachment_3767\" style=\"width: 1610px\" class=\"wp-caption aligncenter\"><img loading=\"lazy\" decoding=\"async\" aria-describedby=\"caption-attachment-3767\" class=\"size-full wp-image-3767\" src=\"https:\/\/blog.cancaonova.com\/paulinia\/files\/2023\/05\/Enchei-vos-do-Esp\u00edrito-Santo-\u00e9-o-tema-do-Encontro-de-Pentecostes-em-Paul\u00ednia-1.jpg\" alt=\"\" width=\"1600\" height=\"1200\" srcset=\"https:\/\/blog.cancaonova.com\/paulinia\/files\/2023\/05\/Enchei-vos-do-Esp\u00edrito-Santo-\u00e9-o-tema-do-Encontro-de-Pentecostes-em-Paul\u00ednia-1.jpg 1600w, https:\/\/blog.cancaonova.com\/paulinia\/files\/2023\/05\/Enchei-vos-do-Esp\u00edrito-Santo-\u00e9-o-tema-do-Encontro-de-Pentecostes-em-Paul\u00ednia-1-300x225.jpg 300w, https:\/\/blog.cancaonova.com\/paulinia\/files\/2023\/05\/Enchei-vos-do-Esp\u00edrito-Santo-\u00e9-o-tema-do-Encontro-de-Pentecostes-em-Paul\u00ednia-1-768x576.jpg 768w\" sizes=\"(max-width: 1600px) 100vw, 1600px\" \/><p id=\"caption-attachment-3767\" class=\"wp-caption-text\">Imagem ilustrativa &#8211; evento realizado na CN &#8211; Foto: Luana Dalbem<\/p><\/div>\n<p>Al\u00e9m disso, a Irm\u00e3 Maria Eunice, reconhecida por seu minist\u00e9rio de Cura e Liberta\u00e7\u00e3o, traz consigo uma mensagem de esperan\u00e7a e renova\u00e7\u00e3o para todos aqueles que buscam uma experi\u00eancia com Deus. Os Padres Aldenir e Fernando celebrar\u00e3o as Santas Missas e conduzir\u00e3o momentos de ora\u00e7\u00e3o, em um ambiente acolhedor e prop\u00edcio para a viv\u00eancia da espiritualidade crist\u00e3.<\/p>\n<p>O evento \u00e9 gratuito e aberto a todos. Ser\u00e3o dois dias intensos de muita f\u00e9 e renova\u00e7\u00e3o, em que os participantes ter\u00e3o a oportunidade de se encher do Esp\u00edrito Santo e receber b\u00ean\u00e7\u00e3os abundantes de Deus.<\/p>\n<p>A Casa de Miss\u00e3o da Can\u00e7\u00e3o Nova Paul\u00ednia est\u00e1 localizada na Av. Jos\u00e9 Lozano Ara\u00fajo, 1021 &#8211; Jardim America, Paul\u00ednia &#8211; SP, 13140-711. Para mais informa\u00e7\u00f5es, entre em contato pelo telefone (19) 3844-8300.<\/p>\n<p>N\u00e3o perca essa oportunidade \u00fanica de se conectar com Deus e renovar sua f\u00e9. Venha participar conosco e deixe-se ser tocado pelo amor de Deus!<\/p>\n<h2><span style=\"font-weight: 400\">Cronograma do Evento:<\/span><\/h2>\n<p><strong>27\/05\u00a0<\/strong><\/p>\n<p><span style=\"font-weight: 400\">(Chegada da Equipe 13h)<\/span><\/p>\n<p><span style=\"font-weight: 400\">13h30 &#8211; Abertura da Casa de Miss\u00e3o<\/span><\/p>\n<p><span style=\"font-weight: 400\">14h00- Santa Missa &#8211; Pe. Fernando<\/span><\/p>\n<p><span style=\"font-weight: 400\">15:00 &#8211; Intervalo\u00a0<\/span><\/p>\n<p><span style=\"font-weight: 400\">15h30 &#8211; Anima\u00e7\u00e3o\/Ora\u00e7\u00e3o<\/span><\/p>\n<p><span style=\"font-weight: 400\">15h50 &#8211; Prega\u00e7\u00e3o &#8211; Removendo as brechas do Maligno para ser cheio do Esp\u00edrito Santo<\/span><\/p>\n<p><span style=\"font-weight: 400\">17h00 &#8211; Intervalo<\/span><\/p>\n<p><span style=\"font-weight: 400\">17h20 &#8211; Anima\u00e7\u00e3o\/Ora\u00e7\u00e3o<\/span><\/p>\n<p><span style=\"font-weight: 400\">17:35 &#8211; Prega\u00e7\u00e3o &#8211; O Esp\u00edrito Santo nos d\u00e1 a Coragem do Perd\u00e3o<\/span><\/p>\n<p><span style=\"font-weight: 400\">18:40 &#8211; Encerramento<\/span><\/p>\n<p><strong>28\/05<\/strong><\/p>\n<p><span style=\"font-weight: 400\">(Chegada da Equipe 08h)<\/span><\/p>\n<p><span style=\"font-weight: 400\">8h30-Abertura da Casa de Miss\u00e3o<\/span><\/p>\n<p><span style=\"font-weight: 400\">9h00- Anima\u00e7\u00e3o\/Ora\u00e7\u00e3o<\/span><\/p>\n<p><span style=\"font-weight: 400\">9h40- Prega\u00e7\u00e3o &#8211; Enchei-vos do Esp\u00edrito Santo (Ef 5,18)<\/span><\/p>\n<p><span style=\"font-weight: 400\">10h40 &#8211; Efus\u00e3o do Esp\u00edrito Santo<\/span><\/p>\n<p><span style=\"font-weight: 400\">12h00 &#8211; Intervalo (Almo\u00e7o)<\/span><\/p>\n<p><span style=\"font-weight: 400\">13h00 &#8211; Anima\u00e7\u00e3o\/Ora\u00e7\u00e3o<\/span><\/p>\n<p><span style=\"font-weight: 400\">14h00 &#8211; Prega\u00e7\u00e3o &#8211; Caminhando com o Esp\u00edrito (Como perseverar na Experi\u00eancia com o Esp\u00edrito Santo?)<\/span><\/p>\n<p><span style=\"font-weight: 400\">15:00 &#8211; Intervalo<\/span><\/p>\n<p><span style=\"font-weight: 400\">16h00 &#8211; Santa Missa &#8211; Pe. Aldenir<\/span><\/p>\n<h2>Can\u00e7\u00e3o Nova em Paul\u00ednia-SP<\/h2>\n<p>A Frente de Miss\u00e3o da Comunidade Can\u00e7\u00e3o Nova, em Paul\u00ednia (SP), empenha-se em acolher com carinho todos os peregrinos com uma digna infraestrutura, em um ambiente agrad\u00e1vel, prop\u00edcio ao encontro com Deus.<\/p>\n<p><strong>Local do Aprofundamento:<\/strong><br \/>\nCan\u00e7\u00e3o Nova Paulinia: Av. Pref. Jos\u00e9 Lozano Ara\u00fajo, 1021 &#8211; Jardim Am\u00e9rica, Paul\u00ednia &#8211; SP<\/p>\n<p>Mais informa\u00e7\u00f5es: Entre em contato pelo Whatsapp da miss\u00e3o pelo link: <a href=\"https:\/\/wa.me\/551938448300\" target=\"_blank\" rel=\"noopener\">https:\/\/wa.me\/551938448300<\/a><\/p>\n","protected":false},"excerpt":{"rendered":"<p>A Can\u00e7\u00e3o Nova Paul\u00ednia tem o prazer de anunciar a presen\u00e7a da Irm\u00e3 Maria Eunice em um evento gratuito nos dias 27 e 28 de Maio de 2023, na Casa de Miss\u00e3o em Paul\u00ednia. Com o tema &#8220;Enchei-vos do Esp\u00edrito&#8230;<\/p>\n","protected":false},"author":4729,"featured_media":3767,"comment_status":"open","ping_status":"open","sticky":false,"template":"","format":"standard","meta":{"_mi_skip_tracking":false,"_monsterinsights_sitenote_active":false,"_monsterinsights_sitenote_note":"","_monsterinsights_sitenote_category":0,"footnotes":""},"categories":[19],"tags":[29360,5011,34958,27914,33987,19047,13031,381],"_links":{"self":[{"href":"https:\/\/blog.cancaonova.com\/paulinia\/wp-json\/wp\/v2\/posts\/3765"}],"collection":[{"href":"https:\/\/blog.cancaonova.com\/paulinia\/wp-json\/wp\/v2\/posts"}],"about":[{"href":"https:\/\/blog.cancaonova.com\/paulinia\/wp-json\/wp\/v2\/types\/post"}],"author":[{"embeddable":true,"href":"https:\/\/blog.cancaonova.com\/paulinia\/wp-json\/wp\/v2\/users\/4729"}],"replies":[{"embeddable":true,"href":"https:\/\/blog.cancaonova.com\/paulinia\/wp-json\/wp\/v2\/comments?post=3765"}],"version-history":[{"count":3,"href":"https:\/\/blog.cancaonova.com\/paulinia\/wp-json\/wp\/v2\/posts\/3765\/revisions"}],"predecessor-version":[{"id":3770,"href":"https:\/\/blog.cancaonova.com\/paulinia\/wp-json\/wp\/v2\/posts\/3765\/revisions\/3770"}],"wp:featuredmedia":[{"embeddable":true,"href":"https:\/\/blog.cancaonova.com\/paulinia\/wp-json\/wp\/v2\/media\/3767"}],"wp:attachment":[{"href":"https:\/\/blog.cancaonova.com\/paulinia\/wp-json\/wp\/v2\/media?parent=3765"}],"wp:term":[{"taxonomy":"category","embeddable":true,"href":"https:\/\/blog.cancaonova.com\/paulinia\/wp-json\/wp\/v2\/categories?post=3765"},{"taxonomy":"post_tag","embeddable":true,"href":"https:\/\/blog.cancaonova.com\/paulinia\/wp-json\/wp\/v2\/tags?post=3765"}],"curies":[{"name":"wp","href":"https:\/\/api.w.org\/{rel}","templated":true}]}}