{"id":3780,"date":"2023-06-01T16:21:59","date_gmt":"2023-06-01T19:21:59","guid":{"rendered":"https:\/\/blog.cancaonova.com\/paulinia\/?p=3780"},"modified":"2023-08-01T13:47:34","modified_gmt":"2023-08-01T16:47:34","slug":"kairos-de-aniversario-22-anos-cancao-nova-paulinia","status":"publish","type":"post","link":"https:\/\/blog.cancaonova.com\/paulinia\/2023\/06\/01\/kairos-de-aniversario-22-anos-cancao-nova-paulinia\/","title":{"rendered":"Kair\u00f3s de Anivers\u00e1rio - 22 anos Can\u00e7\u00e3o Nova Paul\u00ednia"},"content":{"rendered":"<p>A Comunidade Cat\u00f3lica Can\u00e7\u00e3o Nova tem a alegria de convidar a todos para o &#8220;<strong>Kair\u00f3s de Anivers\u00e1rio da Miss\u00e3o<\/strong>&#8220;, que celebrar\u00e1 os <strong>22 anos da Can\u00e7\u00e3o Nova em Paul\u00ednia<\/strong>. O evento ocorrer\u00e1 no dia <strong>2 de julho<\/strong>, domingo, na Can\u00e7\u00e3o Nova Paul\u00ednia, localizada na <strong>Av. Pref. Jos\u00e9 Lozano Ara\u00fajo, 1021, Jardim Am\u00e9rica<\/strong>.<\/p>\n<div id=\"attachment_3800\" style=\"width: 1650px\" class=\"wp-caption alignnone\"><a href=\"https:\/\/blog.cancaonova.com\/paulinia\/files\/2023\/06\/Kairos-de-Anivers\u00e1rio-22-anos-da-cancao-nova-em-paulinia-Capa-para-Facebook.png\"><img loading=\"lazy\" decoding=\"async\" aria-describedby=\"caption-attachment-3800\" class=\"size-full wp-image-3800\" src=\"https:\/\/blog.cancaonova.com\/paulinia\/files\/2023\/06\/Kairos-de-Anivers\u00e1rio-22-anos-da-cancao-nova-em-paulinia-Capa-para-Facebook.png\" alt=\"\" width=\"1640\" height=\"924\" srcset=\"https:\/\/blog.cancaonova.com\/paulinia\/files\/2023\/06\/Kairos-de-Anivers\u00e1rio-22-anos-da-cancao-nova-em-paulinia-Capa-para-Facebook.png 1640w, https:\/\/blog.cancaonova.com\/paulinia\/files\/2023\/06\/Kairos-de-Anivers\u00e1rio-22-anos-da-cancao-nova-em-paulinia-Capa-para-Facebook-300x169.png 300w, https:\/\/blog.cancaonova.com\/paulinia\/files\/2023\/06\/Kairos-de-Anivers\u00e1rio-22-anos-da-cancao-nova-em-paulinia-Capa-para-Facebook-768x432.png 768w, https:\/\/blog.cancaonova.com\/paulinia\/files\/2023\/06\/Kairos-de-Anivers\u00e1rio-22-anos-da-cancao-nova-em-paulinia-Capa-para-Facebook-384x216.png 384w, https:\/\/blog.cancaonova.com\/paulinia\/files\/2023\/06\/Kairos-de-Anivers\u00e1rio-22-anos-da-cancao-nova-em-paulinia-Capa-para-Facebook-512x288.png 512w, https:\/\/blog.cancaonova.com\/paulinia\/files\/2023\/06\/Kairos-de-Anivers\u00e1rio-22-anos-da-cancao-nova-em-paulinia-Capa-para-Facebook-1024x576.png 1024w, https:\/\/blog.cancaonova.com\/paulinia\/files\/2023\/06\/Kairos-de-Anivers\u00e1rio-22-anos-da-cancao-nova-em-paulinia-Capa-para-Facebook-1536x864.png 1536w\" sizes=\"(max-width: 1640px) 100vw, 1640px\" \/><\/a><p id=\"caption-attachment-3800\" class=\"wp-caption-text\">Imagem ilustrativa<\/p><\/div>\n<p>Durante esse dia especial, teremos uma programa\u00e7\u00e3o repleta de momentos de f\u00e9, louvor e reflex\u00e3o. O Kair\u00f3s \u00e9 uma oportunidade \u00fanica de renovar a nossa f\u00e9 e buscar um encontro pessoal com Deus. O evento contar\u00e1 com a presen\u00e7a de S\u00f4nia Ven\u00e2ncio e familia e o padre Ricardo Rodolfo, vice-reitor do Santu\u00e1rio Pai das Miseric\u00f3rdias.<\/p>\n<h2><em>Confira a programa\u00e7\u00e3o completa do Kair\u00f3s de Anivers\u00e1rio da Miss\u00e3o Can\u00e7\u00e3o Nova em Paul\u00ednia:<\/em><\/h2>\n<p><strong>08:00 &#8211; Abertura da Casa de Miss\u00e3o<\/strong><br \/>\nD\u00ea in\u00edcio ao dia com alegria e acolhimento, preparando o seu cora\u00e7\u00e3o para receber as b\u00ean\u00e7\u00e3os deste encontro especial.<\/p>\n<p><strong>08:30 &#8211; Anima\u00e7\u00e3o e acolhida<\/strong><br \/>\nCelebre com c\u00e2nticos de louvor e adora\u00e7\u00e3o.<\/p>\n<p><strong>09:00 &#8211; Santo Ter\u00e7o com S\u00f4nia Ven\u00e2ncio e Fam\u00edlia<br \/>\n<\/strong><\/p>\n<p>Reze e medite os mist\u00e9rios gloriosos do Santo Ter\u00e7o com a Fam\u00edlia Ven\u00e2ncio<\/p>\n<p><strong>09h30 &#8211; Prega\u00e7\u00e3o com S\u00f4nia Ven\u00e2ncio &#8211; Can\u00e7\u00e3o Nova, Casa de Maria<\/strong><\/p>\n<p><strong>10h30 &#8211; Intervalo &#8211; promo\u00e7\u00e3o de palco<\/strong><\/p>\n<p><strong>11:00 &#8211; Adora\u00e7\u00e3o Ao Sant\u00edssimo<\/strong><\/p>\n<p>Viva momentos de profunda intimidade com o Senhor na adora\u00e7\u00e3o ao Sant\u00edssimo Sacramento.<\/p>\n<p><strong>12:00 &#8211; Intervalo Almo\u00e7o e promo\u00e7\u00e3o palco<\/strong><\/p>\n<p><strong>13:15 &#8211; Anima\u00e7\u00e3o\/Ora\u00e7\u00e3o<\/strong><br \/>\nContinue em comunh\u00e3o com a comunidade e os demais participantes, unidos pelo amor a Deus e \u00e0 Igreja.<\/p>\n<p><strong>13:30 &#8211; Como viver da Provid\u00eancia nos dias de hoje?<\/strong><br \/>\nO Padre Ricardo Rodolfo nos conduzir\u00e1 em uma reflex\u00e3o profunda sobre como viver da Provid\u00eancia Divina em meio aos desafios dos tempos atuais. Encontre orienta\u00e7\u00e3o e inspira\u00e7\u00e3o para enfrentar as dificuldades da vida cotidiana.<\/p>\n<p><strong>14:30 &#8211; Intervalo<\/strong><\/p>\n<p><strong>15:00 &#8211; Santa Missa<\/strong><br \/>\nEncerre o dia de celebra\u00e7\u00e3o e renova\u00e7\u00e3o da f\u00e9 com a Santa Missa presidida pelo Pe. Ricardo Rodolfo. Una-se \u00e0 comunidade cat\u00f3lica em uma liturgia especial, repleta de gra\u00e7a e comunh\u00e3o.<\/p>\n<p>Al\u00e9m de celebrarmos o anivers\u00e1rio da Miss\u00e3o Can\u00e7\u00e3o Nova em Paul\u00ednia, \u00e9 tamb\u00e9m um momento especial para a <strong>R\u00e1dio 1090 AM, que comemora mais um ano de evangeliza\u00e7\u00e3o e transmiss\u00e3o da Palavra!<\/strong><\/p>\n<p><strong>Esperamos por voc\u00ea!!<\/strong><\/p>\n<h2>Can\u00e7\u00e3o Nova em Paul\u00ednia-SP<\/h2>\n<p>A Frente de Miss\u00e3o da Comunidade Can\u00e7\u00e3o Nova, em Paul\u00ednia (SP), empenha-se em acolher com carinho todos os peregrinos com uma digna infraestrutura, em um ambiente agrad\u00e1vel, prop\u00edcio ao encontro com Deus.<\/p>\n<p><strong>Local do Aprofundamento:<\/strong><br \/>\nCan\u00e7\u00e3o Nova Paulinia: Av. Pref. Jos\u00e9 Lozano Ara\u00fajo, 1021 \u2013 Jardim Am\u00e9rica, Paul\u00ednia \u2013 SP<\/p>\n<p>Mais informa\u00e7\u00f5es: Entre em contato pelo Whatsapp da miss\u00e3o pelo link:\u00a0<a href=\"https:\/\/wa.me\/551938448300\" target=\"_blank\" rel=\"noopener\">https:\/\/wa.me\/551938448300<\/a><\/p>\n","protected":false},"excerpt":{"rendered":"<p>A Comunidade Cat\u00f3lica Can\u00e7\u00e3o Nova tem a alegria de convidar a todos para o &#8220;Kair\u00f3s de Anivers\u00e1rio da Miss\u00e3o&#8220;, que celebrar\u00e1 os 22 anos da Can\u00e7\u00e3o Nova em Paul\u00ednia. O evento ocorrer\u00e1 no dia 2 de julho, domingo, na Can\u00e7\u00e3o&#8230;<\/p>\n","protected":false},"author":4729,"featured_media":3800,"comment_status":"open","ping_status":"open","sticky":false,"template":"","format":"standard","meta":{"_mi_skip_tracking":false,"_monsterinsights_sitenote_active":false,"_monsterinsights_sitenote_note":"","_monsterinsights_sitenote_category":0,"footnotes":""},"categories":[5011,19,4],"tags":[],"_links":{"self":[{"href":"https:\/\/blog.cancaonova.com\/paulinia\/wp-json\/wp\/v2\/posts\/3780"}],"collection":[{"href":"https:\/\/blog.cancaonova.com\/paulinia\/wp-json\/wp\/v2\/posts"}],"about":[{"href":"https:\/\/blog.cancaonova.com\/paulinia\/wp-json\/wp\/v2\/types\/post"}],"author":[{"embeddable":true,"href":"https:\/\/blog.cancaonova.com\/paulinia\/wp-json\/wp\/v2\/users\/4729"}],"replies":[{"embeddable":true,"href":"https:\/\/blog.cancaonova.com\/paulinia\/wp-json\/wp\/v2\/comments?post=3780"}],"version-history":[{"count":10,"href":"https:\/\/blog.cancaonova.com\/paulinia\/wp-json\/wp\/v2\/posts\/3780\/revisions"}],"predecessor-version":[{"id":3805,"href":"https:\/\/blog.cancaonova.com\/paulinia\/wp-json\/wp\/v2\/posts\/3780\/revisions\/3805"}],"wp:featuredmedia":[{"embeddable":true,"href":"https:\/\/blog.cancaonova.com\/paulinia\/wp-json\/wp\/v2\/media\/3800"}],"wp:attachment":[{"href":"https:\/\/blog.cancaonova.com\/paulinia\/wp-json\/wp\/v2\/media?parent=3780"}],"wp:term":[{"taxonomy":"category","embeddable":true,"href":"https:\/\/blog.cancaonova.com\/paulinia\/wp-json\/wp\/v2\/categories?post=3780"},{"taxonomy":"post_tag","embeddable":true,"href":"https:\/\/blog.cancaonova.com\/paulinia\/wp-json\/wp\/v2\/tags?post=3780"}],"curies":[{"name":"wp","href":"https:\/\/api.w.org\/{rel}","templated":true}]}}