{"id":3794,"date":"2023-06-23T11:51:17","date_gmt":"2023-06-23T14:51:17","guid":{"rendered":"https:\/\/blog.cancaonova.com\/paulinia\/?p=3794"},"modified":"2023-06-23T11:53:55","modified_gmt":"2023-06-23T14:53:55","slug":"radio-cancao-nova-de-paulinia-promove-maratona-de-oracao-em-seu-22o-aniversario","status":"publish","type":"post","link":"https:\/\/blog.cancaonova.com\/paulinia\/2023\/06\/23\/radio-cancao-nova-de-paulinia-promove-maratona-de-oracao-em-seu-22o-aniversario\/","title":{"rendered":"R\u00e1dio Can\u00e7\u00e3o Nova de Paul\u00ednia promove Maratona de Ora\u00e7\u00e3o em seu 22\u00ba anivers\u00e1rio"},"content":{"rendered":"<h2><span style=\"font-weight: 400\">\u00a0<b>\u201cMaratona de ora\u00e7\u00e3o&#8221; <\/b>com o tema: <b>&#8220;Maria, mulher eucar\u00edstica&#8221;<\/b><\/span><\/h2>\n<p><span style=\"font-weight: 400\">A R\u00e1dio Can\u00e7\u00e3o Nova da Divina Provid\u00eancia AM 1090, localizada em Paul\u00ednia, est\u00e1 se preparando para comemorar seu 22\u00ba anivers\u00e1rio de forma especial. No dia 02 de julho, a esta\u00e7\u00e3o vai transmitir o Kair\u00f3s, um evento com louvor, prega\u00e7\u00e3o, adora\u00e7\u00e3o e Santa Missa, com a presen\u00e7a dos co-fundadores da Can\u00e7\u00e3o Nova, Luzia Santiago e Eto Jardim, e o padre Ricardo Rodolfo. Essa celebra\u00e7\u00e3o marca a presen\u00e7a da miss\u00e3o da Can\u00e7\u00e3o Nova na cidade de Paul\u00ednia e atividades mission\u00e1rias na Arquidiocese de Campinas-SP.<\/span><\/p>\n<div id=\"attachment_3795\" style=\"width: 1610px\" class=\"wp-caption aligncenter\"><a href=\"https:\/\/blog.cancaonova.com\/paulinia\/files\/2023\/06\/R\u00e1dio-Can\u00e7\u00e3o-Nova-de-Paul\u00ednia-promove-Maratona-de-Ora\u00e7\u00e3o-em-seu-22-anivers\u00e1rio.jpg\"><img loading=\"lazy\" decoding=\"async\" aria-describedby=\"caption-attachment-3795\" class=\"wp-image-3795\" src=\"https:\/\/blog.cancaonova.com\/paulinia\/files\/2023\/06\/R\u00e1dio-Can\u00e7\u00e3o-Nova-de-Paul\u00ednia-promove-Maratona-de-Ora\u00e7\u00e3o-em-seu-22-anivers\u00e1rio.jpg\" alt=\"\" width=\"1600\" height=\"1067\" srcset=\"https:\/\/blog.cancaonova.com\/paulinia\/files\/2023\/06\/R\u00e1dio-Can\u00e7\u00e3o-Nova-de-Paul\u00ednia-promove-Maratona-de-Ora\u00e7\u00e3o-em-seu-22-anivers\u00e1rio.jpg 1392w, https:\/\/blog.cancaonova.com\/paulinia\/files\/2023\/06\/R\u00e1dio-Can\u00e7\u00e3o-Nova-de-Paul\u00ednia-promove-Maratona-de-Ora\u00e7\u00e3o-em-seu-22-anivers\u00e1rio-300x200.jpg 300w, https:\/\/blog.cancaonova.com\/paulinia\/files\/2023\/06\/R\u00e1dio-Can\u00e7\u00e3o-Nova-de-Paul\u00ednia-promove-Maratona-de-Ora\u00e7\u00e3o-em-seu-22-anivers\u00e1rio-768x512.jpg 768w\" sizes=\"(max-width: 1600px) 100vw, 1600px\" \/><\/a><p id=\"caption-attachment-3795\" class=\"wp-caption-text\">Imagem ilustrativa &#8211; Foto: Arquivo Can\u00e7\u00e3o Nova: Livia Almeida<\/p><\/div>\n<p><span style=\"font-weight: 400\">A R\u00e1dio Can\u00e7\u00e3o Nova transmitir\u00e1 ao vivo o evento do dia 02 de julho, proporcionando momentos de intera\u00e7\u00e3o com os ouvintes e participantes, atrav\u00e9s de entradas ao vivo nos intervalos. Ser\u00e1 uma oportunidade \u00fanica para a comunidade se unir em ora\u00e7\u00e3o e celebrar a trajet\u00f3ria da r\u00e1dio.<\/span><\/p>\n<p><span style=\"font-weight: 400\">Al\u00e9m disso, no dia 05 de julho, data do anivers\u00e1rio, a R\u00e1dio Can\u00e7\u00e3o Nova<a href=\"https:\/\/radio.cancaonova.com\/paulinia\/\" target=\"_blank\" rel=\"noopener\">https:\/\/radio.cancaonova.com\/paulinia\/<\/a> realizar\u00e1 uma <\/span><b>\u201cMaratona de ora\u00e7\u00e3o&#8221; <\/b><span style=\"font-weight: 400\">com o tema: <\/span><b>&#8220;Maria, mulher eucar\u00edstica&#8221;.<\/b><span style=\"font-weight: 400\"> Essa iniciativa combina a espiritualidade mariana, t\u00e3o presente nos 45 anos de hist\u00f3ria da Can\u00e7\u00e3o Nova e na Casa de Maria, com a identidade local da r\u00e1dio, representada pela frase &#8220;A sintonia eucar\u00edstica do seu r\u00e1dio&#8221;.\u00a0<\/span><\/p>\n<p><a href=\"https:\/\/radio.cancaonova.com\/paulinia\/\" target=\"_blank\" rel=\"noopener\">\ud83c\udfa7 CLICA AQUI E OU\u00c7A A R\u00c1DIO CAN\u00c7\u00c3O NOVA<\/a><\/p>\n<p><span style=\"font-weight: 400\">A programa\u00e7\u00e3o da Maratona de Ora\u00e7\u00e3o ter\u00e1 in\u00edcio com a Santa Missa e encerrar\u00e1 com o Santo Ter\u00e7o.<\/span><\/p>\n<p><span style=\"font-weight: 400\">Ao longo do dia, a cada hora, os ouvintes ter\u00e3o a oportunidade de acompanhar momentos de ora\u00e7\u00e3o com a palavra de Deus e can\u00e7\u00f5es, conduzidos por padres convidados, membros de novas comunidades e mission\u00e1rios da Can\u00e7\u00e3o Nova. Ser\u00e1 um tempo especial para se conectar espiritualmente e fortalecer a f\u00e9.<\/span><\/p>\n<p><span style=\"font-weight: 400\">A R\u00e1dio Can\u00e7\u00e3o Nova convida toda a comunidade de Paul\u00ednia e regi\u00e3o para participar desses eventos especiais, que marcam n\u00e3o apenas o anivers\u00e1rio da r\u00e1dio, mas tamb\u00e9m a presen\u00e7a cont\u00ednua da Can\u00e7\u00e3o Nova na vida das pessoas. Atrav\u00e9s da transmiss\u00e3o ao vivo e das atividades de intera\u00e7\u00e3o, a r\u00e1dio busca levar a mensagem de esperan\u00e7a, f\u00e9 e amor a um p\u00fablico cada vez maior.<\/span><\/p>\n<p><b>Sobre a R\u00e1dio Can\u00e7\u00e3o Nova:<\/b><\/p>\n<p><span style=\"font-weight: 400\">A R\u00e1dio Can\u00e7\u00e3o Nova \u00e9 uma esta\u00e7\u00e3o de r\u00e1dio cat\u00f3lica que busca transmitir valores crist\u00e3os e propagar a mensagem de amor e esperan\u00e7a. Com sede em Paul\u00ednia, a r\u00e1dio desempenha um papel importante na comunidade local, promovendo eventos e programas que tocam os cora\u00e7\u00f5es de milhares de ouvintes.<\/span><\/p>\n<p>&nbsp;<\/p>\n","protected":false},"excerpt":{"rendered":"<p>\u00a0\u201cMaratona de ora\u00e7\u00e3o&#8221; com o tema: &#8220;Maria, mulher eucar\u00edstica&#8221; A R\u00e1dio Can\u00e7\u00e3o Nova da Divina Provid\u00eancia AM 1090, localizada em Paul\u00ednia, est\u00e1 se preparando para comemorar seu 22\u00ba anivers\u00e1rio de forma especial. No dia 02 de julho, a esta\u00e7\u00e3o vai&#8230;<\/p>\n","protected":false},"author":4719,"featured_media":3795,"comment_status":"open","ping_status":"open","sticky":false,"template":"","format":"standard","meta":{"_mi_skip_tracking":false,"_monsterinsights_sitenote_active":false,"_monsterinsights_sitenote_note":"","_monsterinsights_sitenote_category":0,"footnotes":""},"categories":[4],"tags":[183499,11871],"_links":{"self":[{"href":"https:\/\/blog.cancaonova.com\/paulinia\/wp-json\/wp\/v2\/posts\/3794"}],"collection":[{"href":"https:\/\/blog.cancaonova.com\/paulinia\/wp-json\/wp\/v2\/posts"}],"about":[{"href":"https:\/\/blog.cancaonova.com\/paulinia\/wp-json\/wp\/v2\/types\/post"}],"author":[{"embeddable":true,"href":"https:\/\/blog.cancaonova.com\/paulinia\/wp-json\/wp\/v2\/users\/4719"}],"replies":[{"embeddable":true,"href":"https:\/\/blog.cancaonova.com\/paulinia\/wp-json\/wp\/v2\/comments?post=3794"}],"version-history":[{"count":3,"href":"https:\/\/blog.cancaonova.com\/paulinia\/wp-json\/wp\/v2\/posts\/3794\/revisions"}],"predecessor-version":[{"id":3798,"href":"https:\/\/blog.cancaonova.com\/paulinia\/wp-json\/wp\/v2\/posts\/3794\/revisions\/3798"}],"wp:featuredmedia":[{"embeddable":true,"href":"https:\/\/blog.cancaonova.com\/paulinia\/wp-json\/wp\/v2\/media\/3795"}],"wp:attachment":[{"href":"https:\/\/blog.cancaonova.com\/paulinia\/wp-json\/wp\/v2\/media?parent=3794"}],"wp:term":[{"taxonomy":"category","embeddable":true,"href":"https:\/\/blog.cancaonova.com\/paulinia\/wp-json\/wp\/v2\/categories?post=3794"},{"taxonomy":"post_tag","embeddable":true,"href":"https:\/\/blog.cancaonova.com\/paulinia\/wp-json\/wp\/v2\/tags?post=3794"}],"curies":[{"name":"wp","href":"https:\/\/api.w.org\/{rel}","templated":true}]}}