{"id":3841,"date":"2023-10-05T16:49:13","date_gmt":"2023-10-05T19:49:13","guid":{"rendered":"https:\/\/blog.cancaonova.com\/paulinia\/?p=3841"},"modified":"2023-10-05T16:49:13","modified_gmt":"2023-10-05T19:49:13","slug":"dia-da-beleza-na-cancao-nova","status":"publish","type":"post","link":"https:\/\/blog.cancaonova.com\/paulinia\/2023\/10\/05\/dia-da-beleza-na-cancao-nova\/","title":{"rendered":"Dia da Beleza na Can\u00e7\u00e3o Nova"},"content":{"rendered":"<p><strong>Voc\u00ea est\u00e1 convidado(a) para o &#8220;Dia da Beleza: Cortes e Escova&#8221; na Can\u00e7\u00e3o Nova Paul\u00ednia-SP!<\/strong><\/p>\n<p><a href=\"https:\/\/blog.cancaonova.com\/paulinia\/files\/2023\/10\/Dia-da-Beleza-na-Can\u00e7\u00e3o-Nova-Paul\u00ednia.jpg\"><img loading=\"lazy\" decoding=\"async\" class=\"alignnone size-full wp-image-3842\" src=\"https:\/\/blog.cancaonova.com\/paulinia\/files\/2023\/10\/Dia-da-Beleza-na-Can\u00e7\u00e3o-Nova-Paul\u00ednia.jpg\" alt=\"\" width=\"1280\" height=\"720\" srcset=\"https:\/\/blog.cancaonova.com\/paulinia\/files\/2023\/10\/Dia-da-Beleza-na-Can\u00e7\u00e3o-Nova-Paul\u00ednia.jpg 1280w, https:\/\/blog.cancaonova.com\/paulinia\/files\/2023\/10\/Dia-da-Beleza-na-Can\u00e7\u00e3o-Nova-Paul\u00ednia-300x169.jpg 300w, https:\/\/blog.cancaonova.com\/paulinia\/files\/2023\/10\/Dia-da-Beleza-na-Can\u00e7\u00e3o-Nova-Paul\u00ednia-768x432.jpg 768w, https:\/\/blog.cancaonova.com\/paulinia\/files\/2023\/10\/Dia-da-Beleza-na-Can\u00e7\u00e3o-Nova-Paul\u00ednia-384x216.jpg 384w, https:\/\/blog.cancaonova.com\/paulinia\/files\/2023\/10\/Dia-da-Beleza-na-Can\u00e7\u00e3o-Nova-Paul\u00ednia-512x288.jpg 512w, https:\/\/blog.cancaonova.com\/paulinia\/files\/2023\/10\/Dia-da-Beleza-na-Can\u00e7\u00e3o-Nova-Paul\u00ednia-1024x576.jpg 1024w\" sizes=\"(max-width: 1280px) 100vw, 1280px\" \/><\/a><\/p>\n<p><strong>Data:<\/strong> 23 de outubro, segunda-feira<\/p>\n<p><strong>Hor\u00e1rio:<\/strong> Das 09h00 \u00e0s 17h00<\/p>\n<p><strong>Local:<\/strong> Casa de Miss\u00e3o<br \/>\nAvenida Prefeito Jos\u00e9 Lozano Ara\u00fajo, 1021, Paul\u00ednia-SP<\/p>\n<p>Junte-se a n\u00f3s para um dia dedicado \u00e0 sua beleza e bem-estar. Teremos profissionais de cabelo prontos para proporcionar os seguintes servi\u00e7os:<\/p>\n<p>&#8211; <strong>Sobrancelha<\/strong>: R$ 20,00<br \/>\n<strong>&#8211; M\u00e3o<\/strong>: R$ 20,00<br \/>\n<strong>&#8211; P\u00e9:<\/strong> R$ 25,00<br \/>\n<strong>&#8211; Corte + Escova:<\/strong> R$ 50,00<br \/>\n<strong>&#8211; Escova<\/strong>: R$ 30,00<\/p>\n<p>Para agendar seu hor\u00e1rio, entre em contato pelo Whatsapp: <a href=\"https:\/\/api.whatsapp.com\/send?phone=551938448300&amp;text=Quero%20reservar%20um%20hor%C3%A1rio%20para%20o%20Dia%20da%20Beleza\" target=\"_blank\" rel=\"noopener\">19 3844-8300<\/a>.<\/p>\n<p>Al\u00e9m disso, sua participa\u00e7\u00e3o ajudar\u00e1 a captar recursos para nossas atividades e miss\u00f5es.<\/p>\n<p>Contamos com sua presen\u00e7a e apoio!<\/p>\n<p>Atenciosamente,<br \/>\nComunidade\u00a0 Can\u00e7\u00e3o Nova Paul\u00ednia-SP<\/p>\n","protected":false},"excerpt":{"rendered":"<p>Voc\u00ea est\u00e1 convidado(a) para o &#8220;Dia da Beleza: Cortes e Escova&#8221; na Can\u00e7\u00e3o Nova Paul\u00ednia-SP! Data: 23 de outubro, segunda-feira Hor\u00e1rio: Das 09h00 \u00e0s 17h00 Local: Casa de Miss\u00e3o Avenida Prefeito Jos\u00e9 Lozano Ara\u00fajo, 1021, Paul\u00ednia-SP Junte-se a n\u00f3s para&#8230;<\/p>\n","protected":false},"author":4719,"featured_media":3842,"comment_status":"open","ping_status":"open","sticky":false,"template":"","format":"standard","meta":{"_mi_skip_tracking":false,"_monsterinsights_sitenote_active":false,"_monsterinsights_sitenote_note":"","_monsterinsights_sitenote_category":0,"footnotes":""},"categories":[4],"tags":[],"_links":{"self":[{"href":"https:\/\/blog.cancaonova.com\/paulinia\/wp-json\/wp\/v2\/posts\/3841"}],"collection":[{"href":"https:\/\/blog.cancaonova.com\/paulinia\/wp-json\/wp\/v2\/posts"}],"about":[{"href":"https:\/\/blog.cancaonova.com\/paulinia\/wp-json\/wp\/v2\/types\/post"}],"author":[{"embeddable":true,"href":"https:\/\/blog.cancaonova.com\/paulinia\/wp-json\/wp\/v2\/users\/4719"}],"replies":[{"embeddable":true,"href":"https:\/\/blog.cancaonova.com\/paulinia\/wp-json\/wp\/v2\/comments?post=3841"}],"version-history":[{"count":1,"href":"https:\/\/blog.cancaonova.com\/paulinia\/wp-json\/wp\/v2\/posts\/3841\/revisions"}],"predecessor-version":[{"id":3843,"href":"https:\/\/blog.cancaonova.com\/paulinia\/wp-json\/wp\/v2\/posts\/3841\/revisions\/3843"}],"wp:featuredmedia":[{"embeddable":true,"href":"https:\/\/blog.cancaonova.com\/paulinia\/wp-json\/wp\/v2\/media\/3842"}],"wp:attachment":[{"href":"https:\/\/blog.cancaonova.com\/paulinia\/wp-json\/wp\/v2\/media?parent=3841"}],"wp:term":[{"taxonomy":"category","embeddable":true,"href":"https:\/\/blog.cancaonova.com\/paulinia\/wp-json\/wp\/v2\/categories?post=3841"},{"taxonomy":"post_tag","embeddable":true,"href":"https:\/\/blog.cancaonova.com\/paulinia\/wp-json\/wp\/v2\/tags?post=3841"}],"curies":[{"name":"wp","href":"https:\/\/api.w.org\/{rel}","templated":true}]}}