{"id":10192,"date":"2009-07-28T08:38:15","date_gmt":"2009-07-28T11:38:15","guid":{"rendered":"http:\/\/blog.cancaonova.com\/peregrinacoes\/?p=10192"},"modified":"2018-02-22T10:17:20","modified_gmt":"2018-02-22T13:17:20","slug":"caminhos-de-sao-paulo-4","status":"publish","type":"post","link":"https:\/\/blog.cancaonova.com\/peregrinacoes\/2009\/07\/28\/caminhos-de-sao-paulo-4\/","title":{"rendered":"Turquia Grecia e Roma"},"content":{"rendered":"<p>Mais que viagens&#8230; encontros com Deus!<\/p>\n<p>A Obra de Maria junto com a Can\u00e7\u00e3o Nova quer levar voc\u00ea a peregrinar pelos Caminhos de S\u00e3o Paulo&#8230;<\/p>\n<p><a href=\"http:\/\/blog.cancaonova.com\/peregrinacoes\/files\/2009\/07\/spaolo10.jpg\"><img loading=\"lazy\" decoding=\"async\" class=\"alignnone size-medium wp-image-10194\" src=\"http:\/\/blog.cancaonova.com\/peregrinacoes\/files\/2009\/07\/spaolo10-300x225.jpg\" alt=\"\" width=\"300\" height=\"225\" \/><\/a><\/p>\n<p>Ser\u00e1 uma super peregrina\u00e7\u00e3o com o diretor espiritual Prado Flores que estar\u00e1 fazendo junto com voc\u00ea um aprfundamento na vida desse homem de f\u00e9&#8230;<\/p>\n<p>Conheceremos a Pra\u00e7a Syntagma, Hydra, Corinto, \u00c9feso, Odeon, a Agor\u00e1, a casa de S\u00e3o Jo\u00e3o e a casa da Virgem Maria, faremos um city tour por Istambul, Roma\u00a0 e muito mais&#8230;<\/p>\n<p><a href=\"http:\/\/blog.cancaonova.com\/peregrinacoes\/files\/2009\/07\/corinto-6.jpg\"><img loading=\"lazy\" decoding=\"async\" class=\"alignnone size-medium wp-image-10196\" src=\"http:\/\/blog.cancaonova.com\/peregrinacoes\/files\/2009\/07\/corinto-6-300x225.jpg\" alt=\"\" width=\"300\" height=\"225\" \/><\/a><\/p>\n<p><a href=\"http:\/\/blog.cancaonova.com\/peregrinacoes\/files\/2009\/07\/tarso4big-igreja-de-sao-paulo.jpg\"><img loading=\"lazy\" decoding=\"async\" class=\"alignnone size-medium wp-image-10198\" src=\"http:\/\/blog.cancaonova.com\/peregrinacoes\/files\/2009\/07\/tarso4big-igreja-de-sao-paulo-300x224.jpg\" alt=\"\" width=\"300\" height=\"224\" \/><\/a><\/p>\n<p align=\"center\"><em>Caminhos de S\u00e3o Paulo, sa\u00edda no dia 15 de Outubro com Prado Flores.<br \/>\n<\/em>\n<\/p>\n<p align=\"center\"><a href=\"http:\/\/blog.cancaonova.com\/peregrinacoes\/2009\/04\/07\/roteiro-turquia-e-grecia\/\" target=\"_blank\">Clique aqui<\/a><a href=\"http:\/\/br.youtube.com\/user\/peregrinacoescn\"> <\/a><a href=\"http:\/\/blog.cancaonova.com\/peregrinacoes\/2009\/04\/07\/roteiro-turquia-e-grecia\/\" target=\"_blank\">e confira o roteiro.<\/a><\/p>\n<p align=\"center\"><strong>Caminhos de S\u00e3o Paulo&#8230; S\u00f3 por Obra de Maria.<\/strong><\/p>\n<p align=\"center\"><a title=\"barra_top.jpg\" href=\"http:\/\/blog.cancaonova.com\/peregrinacoes\/files\/2007\/12\/barra_top.jpg\"><img decoding=\"async\" src=\"http:\/\/blog.cancaonova.com\/peregrinacoes\/files\/2007\/12\/barra_top.jpg\" alt=\"barra_top.jpg\" \/><\/a><\/p>\n<p align=\"center\">Contatos (0xx12) 3186 2055<\/p>\n<p align=\"center\">ou pelo\u00a0e-mail <span style=\"color: #17397a\">peregrinacoes@cancaonova.com<\/span><\/p>\n<p align=\"center\"><strong>Mais que viagens&#8230; encontros com Deus!<\/strong><\/p>\n<p align=\"center\">Informa\u00e7\u00f5es gerais<\/p>\n<p align=\"center\"><span style=\"font-size: x-small\">(0\u00d712) 3186 2000 ramal 2451<\/span><\/p>\n","protected":false},"excerpt":{"rendered":"<p>Mais que viagens&#8230; encontros com Deus! A Obra de Maria junto com a Can\u00e7\u00e3o Nova quer levar voc\u00ea a peregrinar pelos Caminhos de S\u00e3o Paulo&#8230; Ser\u00e1 uma super peregrina\u00e7\u00e3o com o diretor espiritual Prado Flores que estar\u00e1 fazendo junto com&#8230;<\/p>\n","protected":false},"author":1,"featured_media":0,"comment_status":"open","ping_status":"closed","sticky":false,"template":"","format":"standard","meta":{"_mi_skip_tracking":false,"_monsterinsights_sitenote_active":false,"_monsterinsights_sitenote_note":"","_monsterinsights_sitenote_category":0,"footnotes":""},"categories":[13711,5101],"tags":[],"_links":{"self":[{"href":"https:\/\/blog.cancaonova.com\/peregrinacoes\/wp-json\/wp\/v2\/posts\/10192"}],"collection":[{"href":"https:\/\/blog.cancaonova.com\/peregrinacoes\/wp-json\/wp\/v2\/posts"}],"about":[{"href":"https:\/\/blog.cancaonova.com\/peregrinacoes\/wp-json\/wp\/v2\/types\/post"}],"author":[{"embeddable":true,"href":"https:\/\/blog.cancaonova.com\/peregrinacoes\/wp-json\/wp\/v2\/users\/1"}],"replies":[{"embeddable":true,"href":"https:\/\/blog.cancaonova.com\/peregrinacoes\/wp-json\/wp\/v2\/comments?post=10192"}],"version-history":[{"count":4,"href":"https:\/\/blog.cancaonova.com\/peregrinacoes\/wp-json\/wp\/v2\/posts\/10192\/revisions"}],"predecessor-version":[{"id":15719,"href":"https:\/\/blog.cancaonova.com\/peregrinacoes\/wp-json\/wp\/v2\/posts\/10192\/revisions\/15719"}],"wp:attachment":[{"href":"https:\/\/blog.cancaonova.com\/peregrinacoes\/wp-json\/wp\/v2\/media?parent=10192"}],"wp:term":[{"taxonomy":"category","embeddable":true,"href":"https:\/\/blog.cancaonova.com\/peregrinacoes\/wp-json\/wp\/v2\/categories?post=10192"},{"taxonomy":"post_tag","embeddable":true,"href":"https:\/\/blog.cancaonova.com\/peregrinacoes\/wp-json\/wp\/v2\/tags?post=10192"}],"curies":[{"name":"wp","href":"https:\/\/api.w.org\/{rel}","templated":true}]}}