{"id":10428,"date":"2009-08-13T16:57:40","date_gmt":"2009-08-13T13:57:40","guid":{"rendered":"http:\/\/blog.cancaonova.com\/peregrinacoes\/?p=10428"},"modified":"2009-08-13T16:58:29","modified_gmt":"2009-08-13T13:58:29","slug":"terra-santa-18","status":"publish","type":"post","link":"https:\/\/blog.cancaonova.com\/peregrinacoes\/2009\/08\/13\/terra-santa-18\/","title":{"rendered":"Terra Santa"},"content":{"rendered":"<blockquote><p>Mais que viagens&#8230; encontros com Deus!<\/p><\/blockquote>\n<div class=\"entry\">\n<p>Venha conosco e fa\u00e7a uma peregrina\u00e7\u00e3o para a\u00a0 Terra Santa acompanhado pelo Pe. Cleidimar e Prof. Felipe Aquino&#8230;<\/p>\n<p>Confira:<\/p>\n<p><strong> <\/strong><a href=\"http:\/\/blog.cancaonova.com\/peregrinacoes\/files\/2009\/05\/header.jpg\"><img loading=\"lazy\" decoding=\"async\" class=\"alignnone size-medium wp-image-9457\" src=\"http:\/\/blog.cancaonova.com\/peregrinacoes\/files\/2009\/05\/header-300x159.jpg\" alt=\"\" width=\"300\" height=\"159\" \/><\/a><\/p>\n[audio:http:\/\/www.podcast1.com.br\/canais\/canal3157\/Spots_Peregrinacao_-_Saida_17-11-09.mp3]\n<p><a href=\"http:\/\/www.podcast1.com.br\/canais.php?pagina=1&amp;tag=peregrina%E7%F5es\">Clique aqui<\/a> e confira outros programas do<strong> Podcast Peregrina\u00e7\u00f5es.<\/strong><\/p>\n<p align=\"center\"><strong>Peregrinar&#8230; \u00e9 s\u00f3 por Obra de Maria!<\/strong><\/p>\n<p style=\"text-align: center\"><strong><a href=\"http:\/\/www.obrademaria.com.br\/\" target=\"_blank\"><img loading=\"lazy\" decoding=\"async\" class=\"alignnone size-medium wp-image-9271\" src=\"http:\/\/blog.cancaonova.com\/peregrinacoes\/files\/2009\/05\/barra_top1-300x54.jpg\" alt=\"\" width=\"300\" height=\"54\" \/><\/a><\/strong><\/p>\n<p align=\"center\">Contatos (0xx12) 3186 2055<\/p>\n<p align=\"center\">ou pelo\u00a0e-mail <span style=\"color: #17397a\">peregrinacoes@cancaonova.com<\/span><\/p>\n<p align=\"center\"><strong>Mais que viagens\u2026 encontros com Deus!!!<\/strong><\/p>\n<p align=\"center\">Informa\u00e7\u00f5es gerais<\/p>\n<p align=\"center\"><span style=\"font-size: x-small\">(0\u00d712) 3186 2000 ramal 2451<\/span><\/p>\n<p align=\"center\"><a href=\"..\/category\/cadastre-se-aqui\/\" target=\"_self\">CADASTRE-SE AQUI!<\/a><\/p>\n<p style=\"text-align: left\"><em>Deixe seu coment\u00e1rio<\/em><\/p>\n<\/div>\n","protected":false},"excerpt":{"rendered":"<p>Mais que viagens&#8230; encontros com Deus! Venha conosco e fa\u00e7a uma peregrina\u00e7\u00e3o para a\u00a0 Terra Santa acompanhado pelo Pe. Cleidimar e Prof. Felipe Aquino&#8230; Confira: [audio:http:\/\/www.podcast1.com.br\/canais\/canal3157\/Spots_Peregrinacao_-_Saida_17-11-09.mp3] Clique aqui e confira outros programas do Podcast Peregrina\u00e7\u00f5es. Peregrinar&#8230; \u00e9 s\u00f3 por Obra&#8230;<\/p>\n","protected":false},"author":1,"featured_media":0,"comment_status":"open","ping_status":"closed","sticky":false,"template":"","format":"standard","meta":{"_mi_skip_tracking":false,"_monsterinsights_sitenote_active":false,"_monsterinsights_sitenote_note":"","_monsterinsights_sitenote_category":0,"footnotes":""},"categories":[5041],"tags":[],"_links":{"self":[{"href":"https:\/\/blog.cancaonova.com\/peregrinacoes\/wp-json\/wp\/v2\/posts\/10428"}],"collection":[{"href":"https:\/\/blog.cancaonova.com\/peregrinacoes\/wp-json\/wp\/v2\/posts"}],"about":[{"href":"https:\/\/blog.cancaonova.com\/peregrinacoes\/wp-json\/wp\/v2\/types\/post"}],"author":[{"embeddable":true,"href":"https:\/\/blog.cancaonova.com\/peregrinacoes\/wp-json\/wp\/v2\/users\/1"}],"replies":[{"embeddable":true,"href":"https:\/\/blog.cancaonova.com\/peregrinacoes\/wp-json\/wp\/v2\/comments?post=10428"}],"version-history":[{"count":3,"href":"https:\/\/blog.cancaonova.com\/peregrinacoes\/wp-json\/wp\/v2\/posts\/10428\/revisions"}],"predecessor-version":[{"id":10434,"href":"https:\/\/blog.cancaonova.com\/peregrinacoes\/wp-json\/wp\/v2\/posts\/10428\/revisions\/10434"}],"wp:attachment":[{"href":"https:\/\/blog.cancaonova.com\/peregrinacoes\/wp-json\/wp\/v2\/media?parent=10428"}],"wp:term":[{"taxonomy":"category","embeddable":true,"href":"https:\/\/blog.cancaonova.com\/peregrinacoes\/wp-json\/wp\/v2\/categories?post=10428"},{"taxonomy":"post_tag","embeddable":true,"href":"https:\/\/blog.cancaonova.com\/peregrinacoes\/wp-json\/wp\/v2\/tags?post=10428"}],"curies":[{"name":"wp","href":"https:\/\/api.w.org\/{rel}","templated":true}]}}